{"id":9887,"date":"2019-12-18T11:23:34","date_gmt":"2019-12-18T10:23:34","guid":{"rendered":"http:\/\/www.zsbystrocice.cz\/?p=9887"},"modified":"2019-12-18T11:23:38","modified_gmt":"2019-12-18T10:23:38","slug":"informace-k-ozdravnemu-pobytu-ekohratky-2","status":"publish","type":"post","link":"https:\/\/www.zsbystrocice.cz\/?p=9887","title":{"rendered":"Informace k ozdravn\u00e9mu pobytu Ekohr\u00e1tky 2"},"content":{"rendered":"<p>V\u00e1\u017een\u00ed rodi\u010de,<\/p>\n<p>ozdravn\u00fd pobyt bude prob\u00edhat v\u00a0hotelu \u00a0Moravice v\u00a0Karlov\u011b pod Prad\u011bdem \u00a0od ned\u011ble 5. 1. 2020 do p\u00e1tku 10. 1. 2020. V\u00a0cen\u011b je zahrnuto ubytov\u00e1n\u00ed, strava ( 5x denn\u011b + pitn\u00fd re\u017eim b\u011bhem dne), doprava a program. Odjezd od \u0161koly je v\u00a0ned\u011bli 5. 1. 2020 v\u00a015:00 hod. <!--more-->P\u0159\u00edjezd v\u00a0p\u00e1tek ke \u0161kole bude v\u00a09:30hod. Po p\u0159\u00edjezdu bude pro d\u011bti ve \u0161kole p\u0159ipraven program prim\u00e1rn\u00ed prevence pro I. stupe\u0148 Z\u0160 ( Kamar\u00e1di online ). \u00a0Strava za\u010d\u00edn\u00e1 ned\u011bln\u00ed ve\u010de\u0159\u00ed a kon\u010d\u00ed p\u00e1te\u010dn\u00ed sn\u00eddan\u00ed. P\u00e1te\u010dn\u00ed ob\u011bd bude pro d\u011bti zaji\u0161t\u011bn ve \u0161koln\u00ed j\u00eddeln\u011b. V\u00a0p\u00e1tek 10. 1. 2020 bude \u0161koln\u00ed dru\u017eina v\u00a0provozu do 16:40 hod. \u00a0\u00a0Cena pobytu je 2.667,-K\u010d. Tuto \u010d\u00e1stku je pot\u0159eba zaplatit do p\u00e1tku 20. 12. 2019 na \u00fa\u010det \u0161koly ( \u010d\u00edslo \u00fa\u010dtu 4070005876\/6800, do pozn\u00e1mky napi\u0161te jm\u00e9no a p\u0159\u00edjmen\u00ed d\u00edt\u011bte ).<\/p>\n<p>D\u011bti by s\u00a0sebou m\u011bly m\u00edt oble\u010den\u00ed vhodn\u00e9 na pobyt venku i v\u00a0m\u00edstnosti, l\u00e1hev na pit\u00ed, mal\u00fd bat\u016f\u017eek, pouzdro s\u00a0psac\u00edmi pot\u0159ebami, plavky ( baz\u00e9n v\u00a0hotelu Kamz\u00edk ).<\/p>\n<p>Na ka\u017ed\u00fd den je pro d\u011bti p\u0159ipraven ekologick\u00fd program na ur\u010dit\u00e9 t\u00e9ma ( les, p\u016fda, odpady, voda, vzduch, \u010dlov\u011bk a krajina, rozlou\u010den\u00ed se s\u00a0m\u00edstem pobytu ) se spoustou zaj\u00edmav\u00fdch aktivit pro d\u011bti, kter\u00e9 pro n\u00e1s zabezpe\u010duje ob\u010dansk\u00e9 sdru\u017een\u00ed H\u00e1jenka.<\/p>\n<p><strong>P\u0159ed odjezdem odevzdat t\u0159\u00eddn\u00ed u\u010ditelce:<\/strong><\/p>\n<p>Potvrzen\u00ed o bezinfek\u010dnosti ( Prohl\u00e1\u0161en\u00ed z\u00e1konn\u00fdch z\u00e1stupc\u016f nesm\u00ed b\u00fdt star\u0161\u00ed ne\u017e 1 den.(, Posudek o zdravotn\u00ed zp\u016fsobilosti d\u00edt\u011bte ( M\u016f\u017eete pou\u017e\u00edt i ten, kter\u00fd m\u011bly d\u011bti na minul\u00e9m ozdravn\u00e9m pobytu nebo na t\u00e1bo\u0159e, plat\u00ed 2 roky. Potvrzuje l\u00e9ka\u0159. ), pr\u016fkaz zdravotn\u00ed poji\u0161\u0165ovny \u2013 sta\u010d\u00ed kopie a l\u00e9ky, pokud je d\u011bti u\u017e\u00edvaj\u00ed. L\u00e9ky budou viditeln\u011b ozna\u010den\u00e9 jm\u00e9nem d\u00edt\u011bte a d\u00e1vkov\u00e1n\u00edm. L\u00e9ky budou p\u0159ed\u00e1ny zdravotn\u00edkovi akce ( Mgr. Eva Ornov\u00e1 nebo t\u0159\u00eddn\u00ed u\u010ditelce ).<\/p>\n","protected":false},"excerpt":{"rendered":"<p>V\u00e1\u017een\u00ed rodi\u010de, ozdravn\u00fd pobyt bude prob\u00edhat v\u00a0hotelu \u00a0Moravice v\u00a0Karlov\u011b pod Prad\u011bdem \u00a0od ned\u011ble 5. 1. 2020 do p\u00e1tku 10. 1. 2020. V\u00a0cen\u011b je zahrnuto ubytov\u00e1n\u00ed, strava ( 5x denn\u011b + pitn\u00fd re\u017eim b\u011bhem dne), doprava a program. Odjezd od \u0161koly je v\u00a0ned\u011bli 5. 1. 2020 v\u00a015:00 hod.<\/p>\n","protected":false},"author":2,"featured_media":0,"comment_status":"closed","ping_status":"open","sticky":false,"template":"","format":"standard","meta":{"ngg_post_thumbnail":0},"categories":[3,4],"tags":[],"_links":{"self":[{"href":"https:\/\/www.zsbystrocice.cz\/index.php?rest_route=\/wp\/v2\/posts\/9887"}],"collection":[{"href":"https:\/\/www.zsbystrocice.cz\/index.php?rest_route=\/wp\/v2\/posts"}],"about":[{"href":"https:\/\/www.zsbystrocice.cz\/index.php?rest_route=\/wp\/v2\/types\/post"}],"author":[{"embeddable":true,"href":"https:\/\/www.zsbystrocice.cz\/index.php?rest_route=\/wp\/v2\/users\/2"}],"replies":[{"embeddable":true,"href":"https:\/\/www.zsbystrocice.cz\/index.php?rest_route=%2Fwp%2Fv2%2Fcomments&post=9887"}],"version-history":[{"count":1,"href":"https:\/\/www.zsbystrocice.cz\/index.php?rest_route=\/wp\/v2\/posts\/9887\/revisions"}],"predecessor-version":[{"id":9888,"href":"https:\/\/www.zsbystrocice.cz\/index.php?rest_route=\/wp\/v2\/posts\/9887\/revisions\/9888"}],"wp:attachment":[{"href":"https:\/\/www.zsbystrocice.cz\/index.php?rest_route=%2Fwp%2Fv2%2Fmedia&parent=9887"}],"wp:term":[{"taxonomy":"category","embeddable":true,"href":"https:\/\/www.zsbystrocice.cz\/index.php?rest_route=%2Fwp%2Fv2%2Fcategories&post=9887"},{"taxonomy":"post_tag","embeddable":true,"href":"https:\/\/www.zsbystrocice.cz\/index.php?rest_route=%2Fwp%2Fv2%2Ftags&post=9887"}],"curies":[{"name":"wp","href":"https:\/\/api.w.org\/{rel}","templated":true}]}}