{"id":9800,"date":"2019-09-26T14:32:40","date_gmt":"2019-09-26T13:32:40","guid":{"rendered":"http:\/\/www.zsbystrocice.cz\/?p=9800"},"modified":"2019-09-26T14:33:30","modified_gmt":"2019-09-26T13:33:30","slug":"jablickovy-den-v-zs","status":"publish","type":"post","link":"https:\/\/www.zsbystrocice.cz\/?p=9800","title":{"rendered":"Jabl\u00ed\u010dkov\u00fd den v Z\u0160"},"content":{"rendered":"<p>V p\u00e1tek 27. 9. 2019 prob\u011bhne ve \u0161kole Jabl\u00ed\u010dkov\u00fd den. Ka\u017ed\u00e9 d\u00edt\u011b si p\u0159inese 1 jablko. B\u011bhem dopoledne budou pro d\u011bti v jednotliv\u00fdch p\u0159edm\u011btech nachystan\u00e9 r\u016fzn\u00e9 \u00fakoly ( vym\u00fd\u0161len\u00ed a dramatizace p\u0159\u00edb\u011bhu, rozhovor dvou jabl\u00ed\u010dek, sout\u011b\u017ee, malov\u00e1n\u00ed jabl\u00ed\u010dek na po\u010d\u00edta\u010di v hodin\u011b Informatiky\u00a0 nebo\u00a0hled\u00e1n\u00ed odr\u016fd jablek na internetu). Ve \u0161koln\u00ed dru\u017ein\u011b potom \u017e\u00e1ci upe\u010dou jable\u010dn\u00fd \u0161tr\u00fadl, kter\u00fd m\u016f\u017eete ochutnat na sobotn\u00edm Buchtobran\u00ed, kter\u00e9 po\u0159\u00e1d\u00e1 Obec Bystro\u010dice.<\/p>\n","protected":false},"excerpt":{"rendered":"<p>V p\u00e1tek 27. 9. 2019 prob\u011bhne ve \u0161kole Jabl\u00ed\u010dkov\u00fd den. Ka\u017ed\u00e9 d\u00edt\u011b si p\u0159inese 1 jablko. B\u011bhem dopoledne budou pro d\u011bti v jednotliv\u00fdch p\u0159edm\u011btech nachystan\u00e9 r\u016fzn\u00e9 \u00fakoly ( vym\u00fd\u0161len\u00ed a dramatizace p\u0159\u00edb\u011bhu, rozhovor dvou jabl\u00ed\u010dek, sout\u011b\u017ee, malov\u00e1n\u00ed jabl\u00ed\u010dek na po\u010d\u00edta\u010di v hodin\u011b Informatiky\u00a0 nebo\u00a0hled\u00e1n\u00ed odr\u016fd jablek na internetu). Ve \u0161koln\u00ed [&hellip;]<\/p>\n","protected":false},"author":2,"featured_media":0,"comment_status":"closed","ping_status":"open","sticky":false,"template":"","format":"standard","meta":{"ngg_post_thumbnail":0},"categories":[3,6,4],"tags":[],"_links":{"self":[{"href":"https:\/\/www.zsbystrocice.cz\/index.php?rest_route=\/wp\/v2\/posts\/9800"}],"collection":[{"href":"https:\/\/www.zsbystrocice.cz\/index.php?rest_route=\/wp\/v2\/posts"}],"about":[{"href":"https:\/\/www.zsbystrocice.cz\/index.php?rest_route=\/wp\/v2\/types\/post"}],"author":[{"embeddable":true,"href":"https:\/\/www.zsbystrocice.cz\/index.php?rest_route=\/wp\/v2\/users\/2"}],"replies":[{"embeddable":true,"href":"https:\/\/www.zsbystrocice.cz\/index.php?rest_route=%2Fwp%2Fv2%2Fcomments&post=9800"}],"version-history":[{"count":2,"href":"https:\/\/www.zsbystrocice.cz\/index.php?rest_route=\/wp\/v2\/posts\/9800\/revisions"}],"predecessor-version":[{"id":9802,"href":"https:\/\/www.zsbystrocice.cz\/index.php?rest_route=\/wp\/v2\/posts\/9800\/revisions\/9802"}],"wp:attachment":[{"href":"https:\/\/www.zsbystrocice.cz\/index.php?rest_route=%2Fwp%2Fv2%2Fmedia&parent=9800"}],"wp:term":[{"taxonomy":"category","embeddable":true,"href":"https:\/\/www.zsbystrocice.cz\/index.php?rest_route=%2Fwp%2Fv2%2Fcategories&post=9800"},{"taxonomy":"post_tag","embeddable":true,"href":"https:\/\/www.zsbystrocice.cz\/index.php?rest_route=%2Fwp%2Fv2%2Ftags&post=9800"}],"curies":[{"name":"wp","href":"https:\/\/api.w.org\/{rel}","templated":true}]}}