{"id":9783,"date":"2019-09-13T09:55:33","date_gmt":"2019-09-13T08:55:33","guid":{"rendered":"http:\/\/www.zsbystrocice.cz\/?p=9783"},"modified":"2019-09-18T13:00:07","modified_gmt":"2019-09-18T12:00:07","slug":"foceni-prvnacku","status":"publish","type":"post","link":"https:\/\/www.zsbystrocice.cz\/?p=9783","title":{"rendered":"Focen\u00ed prv\u0148\u00e1\u010dk\u016f"},"content":{"rendered":"<p>Ve st\u0159edu 18. 9. 2019 prob\u011bhne ve \u0161kole focen\u00ed na\u0161ich prv\u0148\u00e1\u010dk\u016f s Olomouck\u00fdm den\u00edkem. Fotky prv\u0148\u00e1\u010dk\u016f budou uve\u0159ejn\u011bny v Olomouck\u00e9m den\u00edku dne 9. 10. 2019.<\/p>\n","protected":false},"excerpt":{"rendered":"<p>Ve st\u0159edu 18. 9. 2019 prob\u011bhne ve \u0161kole focen\u00ed na\u0161ich prv\u0148\u00e1\u010dk\u016f s Olomouck\u00fdm den\u00edkem. Fotky prv\u0148\u00e1\u010dk\u016f budou uve\u0159ejn\u011bny v Olomouck\u00e9m den\u00edku dne 9. 10. 2019.<\/p>\n","protected":false},"author":2,"featured_media":0,"comment_status":"closed","ping_status":"open","sticky":false,"template":"","format":"standard","meta":{"ngg_post_thumbnail":0},"categories":[3,4],"tags":[],"_links":{"self":[{"href":"https:\/\/www.zsbystrocice.cz\/index.php?rest_route=\/wp\/v2\/posts\/9783"}],"collection":[{"href":"https:\/\/www.zsbystrocice.cz\/index.php?rest_route=\/wp\/v2\/posts"}],"about":[{"href":"https:\/\/www.zsbystrocice.cz\/index.php?rest_route=\/wp\/v2\/types\/post"}],"author":[{"embeddable":true,"href":"https:\/\/www.zsbystrocice.cz\/index.php?rest_route=\/wp\/v2\/users\/2"}],"replies":[{"embeddable":true,"href":"https:\/\/www.zsbystrocice.cz\/index.php?rest_route=%2Fwp%2Fv2%2Fcomments&post=9783"}],"version-history":[{"count":3,"href":"https:\/\/www.zsbystrocice.cz\/index.php?rest_route=\/wp\/v2\/posts\/9783\/revisions"}],"predecessor-version":[{"id":9786,"href":"https:\/\/www.zsbystrocice.cz\/index.php?rest_route=\/wp\/v2\/posts\/9783\/revisions\/9786"}],"wp:attachment":[{"href":"https:\/\/www.zsbystrocice.cz\/index.php?rest_route=%2Fwp%2Fv2%2Fmedia&parent=9783"}],"wp:term":[{"taxonomy":"category","embeddable":true,"href":"https:\/\/www.zsbystrocice.cz\/index.php?rest_route=%2Fwp%2Fv2%2Fcategories&post=9783"},{"taxonomy":"post_tag","embeddable":true,"href":"https:\/\/www.zsbystrocice.cz\/index.php?rest_route=%2Fwp%2Fv2%2Ftags&post=9783"}],"curies":[{"name":"wp","href":"https:\/\/api.w.org\/{rel}","templated":true}]}}