{"id":9761,"date":"2019-09-02T16:00:40","date_gmt":"2019-09-02T15:00:40","guid":{"rendered":"http:\/\/www.zsbystrocice.cz\/?p=9761"},"modified":"2019-09-03T11:36:43","modified_gmt":"2019-09-03T10:36:43","slug":"informace-k-zacatku-skolniho-roku","status":"publish","type":"post","link":"https:\/\/www.zsbystrocice.cz\/?p=9761","title":{"rendered":"Informace k za\u010d\u00e1tku \u0161koln\u00edho roku"},"content":{"rendered":"<p>V \u00fater\u00fd 3. 9. 2019 budou m\u00edt \u017e\u00e1ci dopoledn\u00ed vyu\u010dov\u00e1n\u00ed ( 4 vyu\u010dovac\u00ed hodiny )\u00a0se sv\u00fdmi t\u0159\u00eddn\u00edmi u\u010diteli. Budou tedy kon\u010dit v 11:40hod. Potom p\u016fjdou na ob\u011bd a do \u0161koln\u00ed dru\u017einy nebo dom\u016f. \u0160koln\u00ed dru\u017eina je otev\u0159ena od 6:30 &#8211; 7:40h. &#8211; rann\u00ed, od 11:40 &#8211; 16:40h. &#8211; odpoledn\u00ed. \u017d\u00e1ci dostanou p\u0159ihl\u00e1\u0161ky ke stravov\u00e1n\u00ed a\u00a0do \u0160D, rozvrh hodin, u\u010debnice, pracovn\u00ed se\u0161ity, \u017e\u00e1kovsk\u00e9 kn\u00ed\u017eky. Ve st\u0159edu 4. 9. 2019 bude prob\u00edhat v\u00fduka dle rozvrhu, kter\u00fd \u017e\u00e1ci obdr\u017eeli. Odpoledn\u00ed vyu\u010dov\u00e1n\u00ed ve \u010dtvrtek 5. 9. 2019 odpad\u00e1.<\/p>\n","protected":false},"excerpt":{"rendered":"<p>V \u00fater\u00fd 3. 9. 2019 budou m\u00edt \u017e\u00e1ci dopoledn\u00ed vyu\u010dov\u00e1n\u00ed ( 4 vyu\u010dovac\u00ed hodiny )\u00a0se sv\u00fdmi t\u0159\u00eddn\u00edmi u\u010diteli. Budou tedy kon\u010dit v 11:40hod. Potom p\u016fjdou na ob\u011bd a do \u0161koln\u00ed dru\u017einy nebo dom\u016f. \u0160koln\u00ed dru\u017eina je otev\u0159ena od 6:30 &#8211; 7:40h. &#8211; rann\u00ed, od 11:40 &#8211; 16:40h. &#8211; odpoledn\u00ed. \u017d\u00e1ci [&hellip;]<\/p>\n","protected":false},"author":2,"featured_media":0,"comment_status":"closed","ping_status":"open","sticky":false,"template":"","format":"standard","meta":{"ngg_post_thumbnail":0},"categories":[3,4],"tags":[],"_links":{"self":[{"href":"https:\/\/www.zsbystrocice.cz\/index.php?rest_route=\/wp\/v2\/posts\/9761"}],"collection":[{"href":"https:\/\/www.zsbystrocice.cz\/index.php?rest_route=\/wp\/v2\/posts"}],"about":[{"href":"https:\/\/www.zsbystrocice.cz\/index.php?rest_route=\/wp\/v2\/types\/post"}],"author":[{"embeddable":true,"href":"https:\/\/www.zsbystrocice.cz\/index.php?rest_route=\/wp\/v2\/users\/2"}],"replies":[{"embeddable":true,"href":"https:\/\/www.zsbystrocice.cz\/index.php?rest_route=%2Fwp%2Fv2%2Fcomments&post=9761"}],"version-history":[{"count":3,"href":"https:\/\/www.zsbystrocice.cz\/index.php?rest_route=\/wp\/v2\/posts\/9761\/revisions"}],"predecessor-version":[{"id":9774,"href":"https:\/\/www.zsbystrocice.cz\/index.php?rest_route=\/wp\/v2\/posts\/9761\/revisions\/9774"}],"wp:attachment":[{"href":"https:\/\/www.zsbystrocice.cz\/index.php?rest_route=%2Fwp%2Fv2%2Fmedia&parent=9761"}],"wp:term":[{"taxonomy":"category","embeddable":true,"href":"https:\/\/www.zsbystrocice.cz\/index.php?rest_route=%2Fwp%2Fv2%2Fcategories&post=9761"},{"taxonomy":"post_tag","embeddable":true,"href":"https:\/\/www.zsbystrocice.cz\/index.php?rest_route=%2Fwp%2Fv2%2Ftags&post=9761"}],"curies":[{"name":"wp","href":"https:\/\/api.w.org\/{rel}","templated":true}]}}