{"id":9756,"date":"2019-06-18T10:06:35","date_gmt":"2019-06-18T09:06:35","guid":{"rendered":"http:\/\/www.zsbystrocice.cz\/?p=9756"},"modified":"2019-06-18T10:07:54","modified_gmt":"2019-06-18T09:07:54","slug":"informace-o-skolnim-vylete-ms","status":"publish","type":"post","link":"https:\/\/www.zsbystrocice.cz\/?p=9756","title":{"rendered":"Informace o \u0161koln\u00edm v\u00fdlet\u011b M\u0160"},"content":{"rendered":"<p><b>V\u00e1\u017een\u00ed rodi\u010de,<\/b><\/p>\n<p><b>vzhledem k nemocnosti d\u011bt\u00ed (ne\u0161tovice) ru\u0161\u00edme pl\u00e1novan\u00fd celodenn\u00ed v\u00fdlet do westernov\u00e9ho m\u011bste\u010dka \u0160ikl\u016fv ml\u00fdn a tent\u00fd\u017e den, <b>ve st\u0159edu 19.6. 2019<\/b>, pojedeme na dopoledne do <b>ekologick\u00e9ho centra Slu\u0148\u00e1kov v Horce nad Moravou<\/b>.<!--more--><\/b><\/p>\n<p>Dopoledn\u00ed sva\u010dinka a ob\u011bd bude tento den pro v\u0161echny d\u011bti odhl\u00e1\u0161en. Na ob\u011bd si ope\u010deme \u0161pek\u00e1\u010dky, kter\u00e9 koup\u00edme hromadn\u011b. D\u011bti, kter\u00e9 nep\u016fjdou po ob\u011bd\u011b dom\u016f, budou m\u00edt odpoledn\u00ed sva\u010dinku nahl\u00e1\u0161enou a provoz M\u0160 tak bude jako obvykle do 16.30 hod.<\/p>\n<p><b>Odjezd v 8.00 hod.<\/b> od \u0161koly, n\u00e1vrat kolem 13.00 hod. ke \u0161kole.<\/p>\n<p>Pen\u00edze na vstupn\u00e9, p\u0159ipraven\u00e9 ohni\u0161t\u011b a koupen\u00e9 \u0161pek\u00e1\u010dky s chlebem rozpo\u010d\u00edt\u00e1me a\u017e dle po\u010dtu d\u011bt\u00ed, kter\u00e9 na v\u00fdlet pojedou. Autobus bude hrazen ze sponzorsk\u00e9ho daru.<\/p>\n<p>D\u011btem dejte pohodln\u00e9 oble\u010den\u00ed a vhodnou obuv, pokr\u00fdvku hlavy (k\u0161iltovku), do bat\u016f\u017eku sva\u010dinku a pit\u00ed, pl\u00e1\u0161t\u011bnku.<\/p>\n<p>Men\u0161\u00ed kapesn\u00e9 (do 100,- K\u010d).<\/p>\n<p>V den odjezdu odevzdejte t\u0159. u\u010d.<b> Souhlas z\u00e1konn\u00fdch z\u00e1stupc\u016f<\/b>.<\/p>\n<p>&nbsp;<\/p>\n","protected":false},"excerpt":{"rendered":"<p>V\u00e1\u017een\u00ed rodi\u010de, vzhledem k nemocnosti d\u011bt\u00ed (ne\u0161tovice) ru\u0161\u00edme pl\u00e1novan\u00fd celodenn\u00ed v\u00fdlet do westernov\u00e9ho m\u011bste\u010dka \u0160ikl\u016fv ml\u00fdn a tent\u00fd\u017e den, ve st\u0159edu 19.6. 2019, pojedeme na dopoledne do ekologick\u00e9ho centra Slu\u0148\u00e1kov v Horce nad Moravou.<\/p>\n","protected":false},"author":2,"featured_media":0,"comment_status":"closed","ping_status":"open","sticky":false,"template":"","format":"standard","meta":{"ngg_post_thumbnail":0},"categories":[3,5],"tags":[],"_links":{"self":[{"href":"https:\/\/www.zsbystrocice.cz\/index.php?rest_route=\/wp\/v2\/posts\/9756"}],"collection":[{"href":"https:\/\/www.zsbystrocice.cz\/index.php?rest_route=\/wp\/v2\/posts"}],"about":[{"href":"https:\/\/www.zsbystrocice.cz\/index.php?rest_route=\/wp\/v2\/types\/post"}],"author":[{"embeddable":true,"href":"https:\/\/www.zsbystrocice.cz\/index.php?rest_route=\/wp\/v2\/users\/2"}],"replies":[{"embeddable":true,"href":"https:\/\/www.zsbystrocice.cz\/index.php?rest_route=%2Fwp%2Fv2%2Fcomments&post=9756"}],"version-history":[{"count":1,"href":"https:\/\/www.zsbystrocice.cz\/index.php?rest_route=\/wp\/v2\/posts\/9756\/revisions"}],"predecessor-version":[{"id":9757,"href":"https:\/\/www.zsbystrocice.cz\/index.php?rest_route=\/wp\/v2\/posts\/9756\/revisions\/9757"}],"wp:attachment":[{"href":"https:\/\/www.zsbystrocice.cz\/index.php?rest_route=%2Fwp%2Fv2%2Fmedia&parent=9756"}],"wp:term":[{"taxonomy":"category","embeddable":true,"href":"https:\/\/www.zsbystrocice.cz\/index.php?rest_route=%2Fwp%2Fv2%2Fcategories&post=9756"},{"taxonomy":"post_tag","embeddable":true,"href":"https:\/\/www.zsbystrocice.cz\/index.php?rest_route=%2Fwp%2Fv2%2Ftags&post=9756"}],"curies":[{"name":"wp","href":"https:\/\/api.w.org\/{rel}","templated":true}]}}