{"id":9695,"date":"2019-05-14T11:47:09","date_gmt":"2019-05-14T10:47:09","guid":{"rendered":"http:\/\/www.zsbystrocice.cz\/?p=9695"},"modified":"2019-05-14T11:47:13","modified_gmt":"2019-05-14T10:47:13","slug":"oslavte-s-nami-den-matek-beseda-o-caji-s-cajem","status":"publish","type":"post","link":"https:\/\/www.zsbystrocice.cz\/?p=9695","title":{"rendered":"OSLAVTE S N\u00c1MI DEN MATEK &#8211; BESEDA O \u010cAJI S \u010cAJEM"},"content":{"rendered":"<p>ODPOLEDNE JEN PRO MAMINKY<\/p>\n<p>Srde\u010dn\u011b zveme v\u0161echny maminky d\u011bt\u00ed z M\u0160 a Z\u0160 na <strong>BESEDU O \u010cAJI S \u010cAJEM<\/strong> <strong>ve \u010dtvrtek 23. 5. 2019 od 17:00 hodin<\/strong> v II. t\u0159\u00edd\u011b Z\u0160.<\/p>\n","protected":false},"excerpt":{"rendered":"<p>ODPOLEDNE JEN PRO MAMINKY Srde\u010dn\u011b zveme v\u0161echny maminky d\u011bt\u00ed z M\u0160 a Z\u0160 na BESEDU O \u010cAJI S \u010cAJEM ve \u010dtvrtek 23. 5. 2019 od 17:00 hodin v II. t\u0159\u00edd\u011b Z\u0160.<\/p>\n","protected":false},"author":2,"featured_media":0,"comment_status":"closed","ping_status":"open","sticky":false,"template":"","format":"standard","meta":{"ngg_post_thumbnail":0},"categories":[3,5,6,4],"tags":[],"_links":{"self":[{"href":"https:\/\/www.zsbystrocice.cz\/index.php?rest_route=\/wp\/v2\/posts\/9695"}],"collection":[{"href":"https:\/\/www.zsbystrocice.cz\/index.php?rest_route=\/wp\/v2\/posts"}],"about":[{"href":"https:\/\/www.zsbystrocice.cz\/index.php?rest_route=\/wp\/v2\/types\/post"}],"author":[{"embeddable":true,"href":"https:\/\/www.zsbystrocice.cz\/index.php?rest_route=\/wp\/v2\/users\/2"}],"replies":[{"embeddable":true,"href":"https:\/\/www.zsbystrocice.cz\/index.php?rest_route=%2Fwp%2Fv2%2Fcomments&post=9695"}],"version-history":[{"count":1,"href":"https:\/\/www.zsbystrocice.cz\/index.php?rest_route=\/wp\/v2\/posts\/9695\/revisions"}],"predecessor-version":[{"id":9696,"href":"https:\/\/www.zsbystrocice.cz\/index.php?rest_route=\/wp\/v2\/posts\/9695\/revisions\/9696"}],"wp:attachment":[{"href":"https:\/\/www.zsbystrocice.cz\/index.php?rest_route=%2Fwp%2Fv2%2Fmedia&parent=9695"}],"wp:term":[{"taxonomy":"category","embeddable":true,"href":"https:\/\/www.zsbystrocice.cz\/index.php?rest_route=%2Fwp%2Fv2%2Fcategories&post=9695"},{"taxonomy":"post_tag","embeddable":true,"href":"https:\/\/www.zsbystrocice.cz\/index.php?rest_route=%2Fwp%2Fv2%2Ftags&post=9695"}],"curies":[{"name":"wp","href":"https:\/\/api.w.org\/{rel}","templated":true}]}}