{"id":9693,"date":"2019-05-14T11:33:49","date_gmt":"2019-05-14T10:33:49","guid":{"rendered":"http:\/\/www.zsbystrocice.cz\/?p=9693"},"modified":"2019-05-14T11:33:57","modified_gmt":"2019-05-14T10:33:57","slug":"foceni-deti-ms-s-olomouckym-denikem","status":"publish","type":"post","link":"https:\/\/www.zsbystrocice.cz\/?p=9693","title":{"rendered":"Focen\u00ed d\u011bt\u00ed M\u0160 s Olomouck\u00fdm den\u00edkem"},"content":{"rendered":"<p>Dnes byly d\u011bti v M\u0160 vyfotografov\u00e1ny pro projekt Na\u0161e \u0161kolka Olomouck\u00e9ho den\u00edku. Jejich fotka vyjde v Olomouck\u00e9m den\u00edku ve st\u0159edu 5. 6. 2019.<\/p>\n","protected":false},"excerpt":{"rendered":"<p>Dnes byly d\u011bti v M\u0160 vyfotografov\u00e1ny pro projekt Na\u0161e \u0161kolka Olomouck\u00e9ho den\u00edku. Jejich fotka vyjde v Olomouck\u00e9m den\u00edku ve st\u0159edu 5. 6. 2019.<\/p>\n","protected":false},"author":2,"featured_media":0,"comment_status":"closed","ping_status":"open","sticky":false,"template":"","format":"standard","meta":{"ngg_post_thumbnail":0},"categories":[3,5],"tags":[],"_links":{"self":[{"href":"https:\/\/www.zsbystrocice.cz\/index.php?rest_route=\/wp\/v2\/posts\/9693"}],"collection":[{"href":"https:\/\/www.zsbystrocice.cz\/index.php?rest_route=\/wp\/v2\/posts"}],"about":[{"href":"https:\/\/www.zsbystrocice.cz\/index.php?rest_route=\/wp\/v2\/types\/post"}],"author":[{"embeddable":true,"href":"https:\/\/www.zsbystrocice.cz\/index.php?rest_route=\/wp\/v2\/users\/2"}],"replies":[{"embeddable":true,"href":"https:\/\/www.zsbystrocice.cz\/index.php?rest_route=%2Fwp%2Fv2%2Fcomments&post=9693"}],"version-history":[{"count":1,"href":"https:\/\/www.zsbystrocice.cz\/index.php?rest_route=\/wp\/v2\/posts\/9693\/revisions"}],"predecessor-version":[{"id":9694,"href":"https:\/\/www.zsbystrocice.cz\/index.php?rest_route=\/wp\/v2\/posts\/9693\/revisions\/9694"}],"wp:attachment":[{"href":"https:\/\/www.zsbystrocice.cz\/index.php?rest_route=%2Fwp%2Fv2%2Fmedia&parent=9693"}],"wp:term":[{"taxonomy":"category","embeddable":true,"href":"https:\/\/www.zsbystrocice.cz\/index.php?rest_route=%2Fwp%2Fv2%2Fcategories&post=9693"},{"taxonomy":"post_tag","embeddable":true,"href":"https:\/\/www.zsbystrocice.cz\/index.php?rest_route=%2Fwp%2Fv2%2Ftags&post=9693"}],"curies":[{"name":"wp","href":"https:\/\/api.w.org\/{rel}","templated":true}]}}