{"id":9603,"date":"2019-05-07T09:39:09","date_gmt":"2019-05-07T08:39:09","guid":{"rendered":"http:\/\/www.zsbystrocice.cz\/?p=9603"},"modified":"2019-05-07T09:41:10","modified_gmt":"2019-05-07T08:41:10","slug":"vyhodnoceni-vytvarne-a-literarni-souteze","status":"publish","type":"post","link":"https:\/\/www.zsbystrocice.cz\/?p=9603","title":{"rendered":"Vyhodnocen\u00ed v\u00fdtvarn\u00e9  a liter\u00e1rn\u00ed sout\u011b\u017ee"},"content":{"rendered":"<p><strong><span style=\"text-decoration: underline;\">Vyhodnocen\u00ed v\u00fdtvarn\u00e9 sout\u011b\u017ee \u201e Obal na knihu \u201e<\/span><\/strong><\/p>\n<p><strong>Kategorie \u017e\u00e1k\u016f 1. \u2013 2. ro\u010dn\u00edku<!--more--><\/strong><\/p>\n<ol>\n<li>m\u00edsto \u00a0\u00a0\u00a0\u00a0\u00a0\u00a0\u00a0\u00a0\u00a0\u00a0\u00a0 Nat\u00e1lka Bulvov\u00e1<\/li>\n<li>m\u00edsto \u00a0\u00a0\u00a0\u00a0\u00a0\u00a0\u00a0\u00a0\u00a0\u00a0\u00a0 Ad\u00e9lka Kov\u00e1\u0159ov\u00e1<\/li>\n<li>m\u00edsto \u00a0\u00a0\u00a0\u00a0\u00a0\u00a0\u00a0\u00a0\u00a0\u00a0\u00a0 Karol\u00ednka Slukov\u00e1, Adinka Bergmannov\u00e1<\/li>\n<\/ol>\n<p><strong>Kategorie \u017e\u00e1k\u016f 3. \u2013 5. ro\u010dn\u00edku<\/strong><\/p>\n<ol>\n<li>m\u00edsto\u00a0\u00a0\u00a0\u00a0\u00a0\u00a0\u00a0\u00a0\u00a0\u00a0\u00a0\u00a0 Ema Ma\u0148\u00e1kov\u00e1<\/li>\n<li>m\u00edsto\u00a0\u00a0\u00a0\u00a0\u00a0\u00a0\u00a0\u00a0\u00a0\u00a0\u00a0\u00a0 Nela Pavelkov\u00e1<\/li>\n<li>m\u00edsto\u00a0\u00a0\u00a0\u00a0\u00a0\u00a0\u00a0\u00a0\u00a0\u00a0\u00a0\u00a0 Ad\u00e9la Halouskov\u00e1<\/li>\n<\/ol>\n<p><strong><span style=\"text-decoration: underline;\">Vyhodnocen\u00ed liter\u00e1rn\u00ed sout\u011b\u017ee s\u00a0n\u00e1zvem Bystro\u010dice<\/span><\/strong><\/p>\n<ol>\n<li>m\u00edsto\u00a0\u00a0\u00a0\u00a0\u00a0\u00a0\u00a0\u00a0\u00a0\u00a0\u00a0\u00a0 Tom\u00e1\u0161 Dvo\u0159\u00e1k<\/li>\n<\/ol>\n<p>Blahop\u0159ejeme a d\u011bkujeme v\u0161em \u017e\u00e1k\u016fm, kte\u0159\u00ed se sout\u011b\u017e\u00ed z\u00fa\u010dastnili. V\u0161echny pr\u00e1ce budou vystaveny v\u00a0m\u00edstn\u00ed knihovn\u011b.<\/p>\n<p>&nbsp;<\/p>\n","protected":false},"excerpt":{"rendered":"<p>Vyhodnocen\u00ed v\u00fdtvarn\u00e9 sout\u011b\u017ee \u201e Obal na knihu \u201e Kategorie \u017e\u00e1k\u016f 1. \u2013 2. ro\u010dn\u00edku<\/p>\n","protected":false},"author":2,"featured_media":0,"comment_status":"closed","ping_status":"open","sticky":false,"template":"","format":"standard","meta":{"ngg_post_thumbnail":0},"categories":[3,4],"tags":[],"_links":{"self":[{"href":"https:\/\/www.zsbystrocice.cz\/index.php?rest_route=\/wp\/v2\/posts\/9603"}],"collection":[{"href":"https:\/\/www.zsbystrocice.cz\/index.php?rest_route=\/wp\/v2\/posts"}],"about":[{"href":"https:\/\/www.zsbystrocice.cz\/index.php?rest_route=\/wp\/v2\/types\/post"}],"author":[{"embeddable":true,"href":"https:\/\/www.zsbystrocice.cz\/index.php?rest_route=\/wp\/v2\/users\/2"}],"replies":[{"embeddable":true,"href":"https:\/\/www.zsbystrocice.cz\/index.php?rest_route=%2Fwp%2Fv2%2Fcomments&post=9603"}],"version-history":[{"count":2,"href":"https:\/\/www.zsbystrocice.cz\/index.php?rest_route=\/wp\/v2\/posts\/9603\/revisions"}],"predecessor-version":[{"id":9605,"href":"https:\/\/www.zsbystrocice.cz\/index.php?rest_route=\/wp\/v2\/posts\/9603\/revisions\/9605"}],"wp:attachment":[{"href":"https:\/\/www.zsbystrocice.cz\/index.php?rest_route=%2Fwp%2Fv2%2Fmedia&parent=9603"}],"wp:term":[{"taxonomy":"category","embeddable":true,"href":"https:\/\/www.zsbystrocice.cz\/index.php?rest_route=%2Fwp%2Fv2%2Fcategories&post=9603"},{"taxonomy":"post_tag","embeddable":true,"href":"https:\/\/www.zsbystrocice.cz\/index.php?rest_route=%2Fwp%2Fv2%2Ftags&post=9603"}],"curies":[{"name":"wp","href":"https:\/\/api.w.org\/{rel}","templated":true}]}}