{"id":9187,"date":"2019-04-08T12:51:28","date_gmt":"2019-04-08T11:51:28","guid":{"rendered":"http:\/\/www.zsbystrocice.cz\/?p=9187"},"modified":"2019-04-08T12:51:33","modified_gmt":"2019-04-08T11:51:33","slug":"den-otevrenych-dveri-v-zs-2","status":"publish","type":"post","link":"https:\/\/www.zsbystrocice.cz\/?p=9187","title":{"rendered":"Den otev\u0159en\u00fdch dve\u0159\u00ed v Z\u0160"},"content":{"rendered":"<p>Srde\u010dn\u011b V\u00e1s zveme na <strong>Den otev\u0159en\u00fdch dve\u0159\u00ed<\/strong>, kter\u00fd\u00a0 v na\u0161\u00ed \u0161kole prob\u011bhne ve <strong>st\u0159edu 24. 4. 2019 od 8:00 do 10:00 hod<\/strong>. P\u0159ij\u010fte se pod\u00edvat na vyu\u010dov\u00e1n\u00ed ve t\u0159\u00edd\u00e1ch a prohl\u00e9dnout si prostory z\u00e1kladn\u00ed \u0161koly. Budeme se t\u011b\u0161it.<\/p>\n","protected":false},"excerpt":{"rendered":"<p>Srde\u010dn\u011b V\u00e1s zveme na Den otev\u0159en\u00fdch dve\u0159\u00ed, kter\u00fd\u00a0 v na\u0161\u00ed \u0161kole prob\u011bhne ve st\u0159edu 24. 4. 2019 od 8:00 do 10:00 hod. P\u0159ij\u010fte se pod\u00edvat na vyu\u010dov\u00e1n\u00ed ve t\u0159\u00edd\u00e1ch a prohl\u00e9dnout si prostory z\u00e1kladn\u00ed \u0161koly. Budeme se t\u011b\u0161it.<\/p>\n","protected":false},"author":2,"featured_media":0,"comment_status":"closed","ping_status":"open","sticky":false,"template":"","format":"standard","meta":{"ngg_post_thumbnail":0},"categories":[3,5,6,4],"tags":[],"_links":{"self":[{"href":"https:\/\/www.zsbystrocice.cz\/index.php?rest_route=\/wp\/v2\/posts\/9187"}],"collection":[{"href":"https:\/\/www.zsbystrocice.cz\/index.php?rest_route=\/wp\/v2\/posts"}],"about":[{"href":"https:\/\/www.zsbystrocice.cz\/index.php?rest_route=\/wp\/v2\/types\/post"}],"author":[{"embeddable":true,"href":"https:\/\/www.zsbystrocice.cz\/index.php?rest_route=\/wp\/v2\/users\/2"}],"replies":[{"embeddable":true,"href":"https:\/\/www.zsbystrocice.cz\/index.php?rest_route=%2Fwp%2Fv2%2Fcomments&post=9187"}],"version-history":[{"count":1,"href":"https:\/\/www.zsbystrocice.cz\/index.php?rest_route=\/wp\/v2\/posts\/9187\/revisions"}],"predecessor-version":[{"id":9188,"href":"https:\/\/www.zsbystrocice.cz\/index.php?rest_route=\/wp\/v2\/posts\/9187\/revisions\/9188"}],"wp:attachment":[{"href":"https:\/\/www.zsbystrocice.cz\/index.php?rest_route=%2Fwp%2Fv2%2Fmedia&parent=9187"}],"wp:term":[{"taxonomy":"category","embeddable":true,"href":"https:\/\/www.zsbystrocice.cz\/index.php?rest_route=%2Fwp%2Fv2%2Fcategories&post=9187"},{"taxonomy":"post_tag","embeddable":true,"href":"https:\/\/www.zsbystrocice.cz\/index.php?rest_route=%2Fwp%2Fv2%2Ftags&post=9187"}],"curies":[{"name":"wp","href":"https:\/\/api.w.org\/{rel}","templated":true}]}}