{"id":9116,"date":"2018-12-11T13:39:16","date_gmt":"2018-12-11T12:39:16","guid":{"rendered":"http:\/\/www.zsbystrocice.cz\/?p=9116"},"modified":"2018-12-11T13:39:21","modified_gmt":"2018-12-11T12:39:21","slug":"nasi-prvnacci-v-olomouckem-deniku","status":"publish","type":"post","link":"https:\/\/www.zsbystrocice.cz\/?p=9116","title":{"rendered":"Na\u0161i prv\u0148\u00e1\u010dci v Olomouck\u00e9m den\u00edku"},"content":{"rendered":"<p>Na\u0161e \u0161kola se \u00fa\u010dastn\u00ed projektu Olomouck\u00e9ho den\u00edku s n\u00e1zvem Na\u0161i prv\u0148\u00e1ci. Fotka na\u0161ich prv\u0148\u00e1\u010dk\u016f vyjde v Den\u00edku ve st\u0159edu 12. 12. 2018. Mimo\u0159\u00e1dn\u00e9 nav\u00fd\u0161en\u00ed\u00a0 Den\u00edku s d\u011btmi bude na prodejn\u011b \u010cS Benzina \u017der\u016fvky 234.<\/p>\n","protected":false},"excerpt":{"rendered":"<p>Na\u0161e \u0161kola se \u00fa\u010dastn\u00ed projektu Olomouck\u00e9ho den\u00edku s n\u00e1zvem Na\u0161i prv\u0148\u00e1ci. Fotka na\u0161ich prv\u0148\u00e1\u010dk\u016f vyjde v Den\u00edku ve st\u0159edu 12. 12. 2018. Mimo\u0159\u00e1dn\u00e9 nav\u00fd\u0161en\u00ed\u00a0 Den\u00edku s d\u011btmi bude na prodejn\u011b \u010cS Benzina \u017der\u016fvky 234.<\/p>\n","protected":false},"author":2,"featured_media":0,"comment_status":"closed","ping_status":"open","sticky":false,"template":"","format":"standard","meta":{"ngg_post_thumbnail":0},"categories":[3,4],"tags":[],"_links":{"self":[{"href":"https:\/\/www.zsbystrocice.cz\/index.php?rest_route=\/wp\/v2\/posts\/9116"}],"collection":[{"href":"https:\/\/www.zsbystrocice.cz\/index.php?rest_route=\/wp\/v2\/posts"}],"about":[{"href":"https:\/\/www.zsbystrocice.cz\/index.php?rest_route=\/wp\/v2\/types\/post"}],"author":[{"embeddable":true,"href":"https:\/\/www.zsbystrocice.cz\/index.php?rest_route=\/wp\/v2\/users\/2"}],"replies":[{"embeddable":true,"href":"https:\/\/www.zsbystrocice.cz\/index.php?rest_route=%2Fwp%2Fv2%2Fcomments&post=9116"}],"version-history":[{"count":1,"href":"https:\/\/www.zsbystrocice.cz\/index.php?rest_route=\/wp\/v2\/posts\/9116\/revisions"}],"predecessor-version":[{"id":9117,"href":"https:\/\/www.zsbystrocice.cz\/index.php?rest_route=\/wp\/v2\/posts\/9116\/revisions\/9117"}],"wp:attachment":[{"href":"https:\/\/www.zsbystrocice.cz\/index.php?rest_route=%2Fwp%2Fv2%2Fmedia&parent=9116"}],"wp:term":[{"taxonomy":"category","embeddable":true,"href":"https:\/\/www.zsbystrocice.cz\/index.php?rest_route=%2Fwp%2Fv2%2Fcategories&post=9116"},{"taxonomy":"post_tag","embeddable":true,"href":"https:\/\/www.zsbystrocice.cz\/index.php?rest_route=%2Fwp%2Fv2%2Ftags&post=9116"}],"curies":[{"name":"wp","href":"https:\/\/api.w.org\/{rel}","templated":true}]}}