{"id":9099,"date":"2018-11-23T19:09:17","date_gmt":"2018-11-23T18:09:17","guid":{"rendered":"http:\/\/www.zsbystrocice.cz\/?p=9099"},"modified":"2018-11-23T19:15:25","modified_gmt":"2018-11-23T18:15:25","slug":"adventni-dilna","status":"publish","type":"post","link":"https:\/\/www.zsbystrocice.cz\/?p=9099","title":{"rendered":"Adventn\u00ed d\u00edlna"},"content":{"rendered":"<p>Ve \u010dtvrtek 29. listopadu 2018 V\u00e1s srde\u010dn\u011b zveme na ADVENTN\u00cd D\u00cdLNU, kter\u00e1 se uskute\u010dn\u00ed\u00a0od 17:30hod. v prostor\u00e1ch \u0161koly. Pod veden\u00edm\u00a0floristek\u00a0budeme vyr\u00e1b\u011bt adventn\u00ed v\u011bnce a jin\u00e9 v\u00e1no\u010dn\u00ed dekorace. Materi\u00e1l na v\u00fdrobu si m\u016f\u017eete p\u0159in\u00e9st nebo zakoupit na m\u00edst\u011b.<\/p>\n","protected":false},"excerpt":{"rendered":"<p>Ve \u010dtvrtek 29. listopadu 2018 V\u00e1s srde\u010dn\u011b zveme na ADVENTN\u00cd D\u00cdLNU, kter\u00e1 se uskute\u010dn\u00ed\u00a0od 17:30hod. v prostor\u00e1ch \u0161koly. Pod veden\u00edm\u00a0floristek\u00a0budeme vyr\u00e1b\u011bt adventn\u00ed v\u011bnce a jin\u00e9 v\u00e1no\u010dn\u00ed dekorace. Materi\u00e1l na v\u00fdrobu si m\u016f\u017eete p\u0159in\u00e9st nebo zakoupit na m\u00edst\u011b.<\/p>\n","protected":false},"author":2,"featured_media":0,"comment_status":"closed","ping_status":"open","sticky":false,"template":"","format":"standard","meta":{"ngg_post_thumbnail":0},"categories":[3,5,6,4],"tags":[],"_links":{"self":[{"href":"https:\/\/www.zsbystrocice.cz\/index.php?rest_route=\/wp\/v2\/posts\/9099"}],"collection":[{"href":"https:\/\/www.zsbystrocice.cz\/index.php?rest_route=\/wp\/v2\/posts"}],"about":[{"href":"https:\/\/www.zsbystrocice.cz\/index.php?rest_route=\/wp\/v2\/types\/post"}],"author":[{"embeddable":true,"href":"https:\/\/www.zsbystrocice.cz\/index.php?rest_route=\/wp\/v2\/users\/2"}],"replies":[{"embeddable":true,"href":"https:\/\/www.zsbystrocice.cz\/index.php?rest_route=%2Fwp%2Fv2%2Fcomments&post=9099"}],"version-history":[{"count":4,"href":"https:\/\/www.zsbystrocice.cz\/index.php?rest_route=\/wp\/v2\/posts\/9099\/revisions"}],"predecessor-version":[{"id":9103,"href":"https:\/\/www.zsbystrocice.cz\/index.php?rest_route=\/wp\/v2\/posts\/9099\/revisions\/9103"}],"wp:attachment":[{"href":"https:\/\/www.zsbystrocice.cz\/index.php?rest_route=%2Fwp%2Fv2%2Fmedia&parent=9099"}],"wp:term":[{"taxonomy":"category","embeddable":true,"href":"https:\/\/www.zsbystrocice.cz\/index.php?rest_route=%2Fwp%2Fv2%2Fcategories&post=9099"},{"taxonomy":"post_tag","embeddable":true,"href":"https:\/\/www.zsbystrocice.cz\/index.php?rest_route=%2Fwp%2Fv2%2Ftags&post=9099"}],"curies":[{"name":"wp","href":"https:\/\/api.w.org\/{rel}","templated":true}]}}