{"id":9034,"date":"2018-08-19T13:12:59","date_gmt":"2018-08-19T12:12:59","guid":{"rendered":"http:\/\/www.zsbystrocice.cz\/?p=9034"},"modified":"2018-08-19T13:13:04","modified_gmt":"2018-08-19T12:13:04","slug":"zahajeni-noveho-skolniho-roku-v-zs-bystrocice","status":"publish","type":"post","link":"https:\/\/www.zsbystrocice.cz\/?p=9034","title":{"rendered":"Zah\u00e1jen\u00ed nov\u00e9ho \u0161koln\u00edho roku v Z\u0160 Bystro\u010dice"},"content":{"rendered":"<p>\u0160koln\u00ed rok 2018\/2019 bude zah\u00e1jen v pond\u011bl\u00ed 3. 9. 2018 v 8:00 hod. v budov\u011b z\u00e1kladn\u00ed \u0161koly. D\u011bti se dozv\u00ed, jak\u00e9 celoro\u010dn\u00ed t\u00e9ma n\u00e1s bude letos prov\u00e1zet, p\u0159iv\u00edt\u00e1me prv\u0148\u00e1\u010dky, prvn\u00ed \u0161koln\u00ed den si spole\u010dn\u011b u\u017eijeme. Zah\u00e1jen\u00ed bude trvat asi hodinu, potom mohou \u017e\u00e1ci odch\u00e1zet dom\u016f ( je t\u0159eba souhlas rodi\u010d\u016f ) nebo vyu\u017eij\u00ed \u0161koln\u00ed dru\u017einu.\u00a0Prvn\u00ed den budou d\u011bti pot\u0159ebovat pouze p\u0159ez\u016fvky<\/p>\n","protected":false},"excerpt":{"rendered":"<p>\u0160koln\u00ed rok 2018\/2019 bude zah\u00e1jen v pond\u011bl\u00ed 3. 9. 2018 v 8:00 hod. v budov\u011b z\u00e1kladn\u00ed \u0161koly. D\u011bti se dozv\u00ed, jak\u00e9 celoro\u010dn\u00ed t\u00e9ma n\u00e1s bude letos prov\u00e1zet, p\u0159iv\u00edt\u00e1me prv\u0148\u00e1\u010dky, prvn\u00ed \u0161koln\u00ed den si spole\u010dn\u011b u\u017eijeme. Zah\u00e1jen\u00ed bude trvat asi hodinu, potom mohou \u017e\u00e1ci odch\u00e1zet dom\u016f ( je t\u0159eba souhlas rodi\u010d\u016f [&hellip;]<\/p>\n","protected":false},"author":2,"featured_media":0,"comment_status":"closed","ping_status":"open","sticky":false,"template":"","format":"standard","meta":{"ngg_post_thumbnail":0},"categories":[3,6,4],"tags":[],"_links":{"self":[{"href":"https:\/\/www.zsbystrocice.cz\/index.php?rest_route=\/wp\/v2\/posts\/9034"}],"collection":[{"href":"https:\/\/www.zsbystrocice.cz\/index.php?rest_route=\/wp\/v2\/posts"}],"about":[{"href":"https:\/\/www.zsbystrocice.cz\/index.php?rest_route=\/wp\/v2\/types\/post"}],"author":[{"embeddable":true,"href":"https:\/\/www.zsbystrocice.cz\/index.php?rest_route=\/wp\/v2\/users\/2"}],"replies":[{"embeddable":true,"href":"https:\/\/www.zsbystrocice.cz\/index.php?rest_route=%2Fwp%2Fv2%2Fcomments&post=9034"}],"version-history":[{"count":1,"href":"https:\/\/www.zsbystrocice.cz\/index.php?rest_route=\/wp\/v2\/posts\/9034\/revisions"}],"predecessor-version":[{"id":9035,"href":"https:\/\/www.zsbystrocice.cz\/index.php?rest_route=\/wp\/v2\/posts\/9034\/revisions\/9035"}],"wp:attachment":[{"href":"https:\/\/www.zsbystrocice.cz\/index.php?rest_route=%2Fwp%2Fv2%2Fmedia&parent=9034"}],"wp:term":[{"taxonomy":"category","embeddable":true,"href":"https:\/\/www.zsbystrocice.cz\/index.php?rest_route=%2Fwp%2Fv2%2Fcategories&post=9034"},{"taxonomy":"post_tag","embeddable":true,"href":"https:\/\/www.zsbystrocice.cz\/index.php?rest_route=%2Fwp%2Fv2%2Ftags&post=9034"}],"curies":[{"name":"wp","href":"https:\/\/api.w.org\/{rel}","templated":true}]}}