{"id":9032,"date":"2018-08-19T13:03:49","date_gmt":"2018-08-19T12:03:49","guid":{"rendered":"http:\/\/www.zsbystrocice.cz\/?p=9032"},"modified":"2018-08-19T13:03:54","modified_gmt":"2018-08-19T12:03:54","slug":"provoz-ms-bystrocice-v-srpnu","status":"publish","type":"post","link":"https:\/\/www.zsbystrocice.cz\/?p=9032","title":{"rendered":"Provoz M\u0160 Bystro\u010dice v srpnu"},"content":{"rendered":"<p>Provoz M\u0160 Bystro\u010dice bude zah\u00e1jen v pond\u011bl\u00ed 27. 8. 2018 od 6:30 do 16:30 h. Vzhledem k po\u010dtu p\u0159ihl\u00e1\u0161en\u00fdch d\u011bt\u00ed bude provoz omezen na 1 t\u0159\u00eddu M\u0160.<\/p>\n","protected":false},"excerpt":{"rendered":"<p>Provoz M\u0160 Bystro\u010dice bude zah\u00e1jen v pond\u011bl\u00ed 27. 8. 2018 od 6:30 do 16:30 h. Vzhledem k po\u010dtu p\u0159ihl\u00e1\u0161en\u00fdch d\u011bt\u00ed bude provoz omezen na 1 t\u0159\u00eddu M\u0160.<\/p>\n","protected":false},"author":2,"featured_media":0,"comment_status":"closed","ping_status":"open","sticky":false,"template":"","format":"standard","meta":{"ngg_post_thumbnail":0},"categories":[3,5],"tags":[],"_links":{"self":[{"href":"https:\/\/www.zsbystrocice.cz\/index.php?rest_route=\/wp\/v2\/posts\/9032"}],"collection":[{"href":"https:\/\/www.zsbystrocice.cz\/index.php?rest_route=\/wp\/v2\/posts"}],"about":[{"href":"https:\/\/www.zsbystrocice.cz\/index.php?rest_route=\/wp\/v2\/types\/post"}],"author":[{"embeddable":true,"href":"https:\/\/www.zsbystrocice.cz\/index.php?rest_route=\/wp\/v2\/users\/2"}],"replies":[{"embeddable":true,"href":"https:\/\/www.zsbystrocice.cz\/index.php?rest_route=%2Fwp%2Fv2%2Fcomments&post=9032"}],"version-history":[{"count":1,"href":"https:\/\/www.zsbystrocice.cz\/index.php?rest_route=\/wp\/v2\/posts\/9032\/revisions"}],"predecessor-version":[{"id":9033,"href":"https:\/\/www.zsbystrocice.cz\/index.php?rest_route=\/wp\/v2\/posts\/9032\/revisions\/9033"}],"wp:attachment":[{"href":"https:\/\/www.zsbystrocice.cz\/index.php?rest_route=%2Fwp%2Fv2%2Fmedia&parent=9032"}],"wp:term":[{"taxonomy":"category","embeddable":true,"href":"https:\/\/www.zsbystrocice.cz\/index.php?rest_route=%2Fwp%2Fv2%2Fcategories&post=9032"},{"taxonomy":"post_tag","embeddable":true,"href":"https:\/\/www.zsbystrocice.cz\/index.php?rest_route=%2Fwp%2Fv2%2Ftags&post=9032"}],"curies":[{"name":"wp","href":"https:\/\/api.w.org\/{rel}","templated":true}]}}