{"id":8638,"date":"2018-05-24T10:45:12","date_gmt":"2018-05-24T09:45:12","guid":{"rendered":"http:\/\/www.zsbystrocice.cz\/?p=8638"},"modified":"2018-05-24T10:46:10","modified_gmt":"2018-05-24T09:46:10","slug":"jmenovani-poverence-pro-ochranu-osobnich-udaju-dle-narizeni-gdpr","status":"publish","type":"post","link":"https:\/\/www.zsbystrocice.cz\/?p=8638","title":{"rendered":"Jmenov\u00e1n\u00ed pov\u011b\u0159ence pro ochranu osobn\u00edch \u00fadaj\u016f dle na\u0159\u00edzen\u00ed GDPR"},"content":{"rendered":"<p>Spr\u00e1vce,\u00a0Z\u00e1kladn\u00ed \u0161kola a Mate\u0159sk\u00e1 \u0161kola Bystro\u010dice, p\u0159\u00edsp\u011bvkov\u00e1 organizace\u00a0jmenoval pov\u011b\u0159ence pro ochranu osobn\u00edch \u00fadaj\u016f ve smyslu \u010dl. 37 Na\u0159\u00edzen\u00ed Evropsk\u00e9ho parlamentu a Rady (EU) 2016\/679 ze dne 27. dubna 2016 o ochran\u011b fyzick\u00fdch osob v\u00a0souvislosti se zpracov\u00e1n\u00edm osobn\u00edch \u00fadaj\u016f a o voln\u00e9m pohybu t\u011bchto \u00fadaj\u016f (d\u00e1le jako &#8222;GDPR&#8220;).<\/p>\n<p>Funkci pov\u011b\u0159ence pro ochranu osobn\u00edch \u00fadaj\u016f pro Spr\u00e1vce vykon\u00e1v\u00e1 spole\u010dnost Schola Servis GDPR, s.r.o., I\u010c:\u00a004223748.<!--more--><\/p>\n<p>Osoba ur\u010den\u00e1 pro jedn\u00e1n\u00ed za pov\u011b\u0159ence je pan JUDr. Ing et Ing. Roman Ondr\u00fdsek, Ph.D., MBA.<\/p>\n<p>Kontaktn\u00edmi \u00fadaji pov\u011b\u0159ence jsou:<\/p>\n<p>1.\u00a0\u00a0\u00a0\u00a0\u00a0\u00a0\u00a0ID datov\u00e9 schr\u00e1nky\u00a05b36car<\/p>\n<p>2.\u00a0\u00a0\u00a0\u00a0\u00a0\u00a0\u00a0adresa s\u00eddla:\u00a0Palack\u00e9ho 150\/8, 796 01 Prost\u011bjov<\/p>\n<p>3.\u00a0\u00a0\u00a0\u00a0\u00a0\u00a0\u00a0telefonn\u00ed \u010d\u00edslo:\u00a0732 657\u00a0386, 733\u00a0281\u00a0378, 732\u00a0464\u00a0854<\/p>\n<p>4.\u00a0\u00a0\u00a0\u00a0\u00a0\u00a0\u00a0e-mail:\u00a0<a href=\"mailto:poverenec@gdprdoskol.cz\" target=\"_blank\">poverenec@gdprdoskol.cz<\/a><\/p>\n<p>&nbsp;<\/p>\n","protected":false},"excerpt":{"rendered":"<p>Spr\u00e1vce,\u00a0Z\u00e1kladn\u00ed \u0161kola a Mate\u0159sk\u00e1 \u0161kola Bystro\u010dice, p\u0159\u00edsp\u011bvkov\u00e1 organizace\u00a0jmenoval pov\u011b\u0159ence pro ochranu osobn\u00edch \u00fadaj\u016f ve smyslu \u010dl. 37 Na\u0159\u00edzen\u00ed Evropsk\u00e9ho parlamentu a Rady (EU) 2016\/679 ze dne 27. dubna 2016 o ochran\u011b fyzick\u00fdch osob v\u00a0souvislosti se zpracov\u00e1n\u00edm osobn\u00edch \u00fadaj\u016f a o voln\u00e9m pohybu t\u011bchto \u00fadaj\u016f (d\u00e1le jako &#8222;GDPR&#8220;). Funkci pov\u011b\u0159ence pro [&hellip;]<\/p>\n","protected":false},"author":2,"featured_media":0,"comment_status":"closed","ping_status":"open","sticky":false,"template":"","format":"standard","meta":{"ngg_post_thumbnail":0},"categories":[3,5,6,4],"tags":[],"_links":{"self":[{"href":"https:\/\/www.zsbystrocice.cz\/index.php?rest_route=\/wp\/v2\/posts\/8638"}],"collection":[{"href":"https:\/\/www.zsbystrocice.cz\/index.php?rest_route=\/wp\/v2\/posts"}],"about":[{"href":"https:\/\/www.zsbystrocice.cz\/index.php?rest_route=\/wp\/v2\/types\/post"}],"author":[{"embeddable":true,"href":"https:\/\/www.zsbystrocice.cz\/index.php?rest_route=\/wp\/v2\/users\/2"}],"replies":[{"embeddable":true,"href":"https:\/\/www.zsbystrocice.cz\/index.php?rest_route=%2Fwp%2Fv2%2Fcomments&post=8638"}],"version-history":[{"count":2,"href":"https:\/\/www.zsbystrocice.cz\/index.php?rest_route=\/wp\/v2\/posts\/8638\/revisions"}],"predecessor-version":[{"id":8640,"href":"https:\/\/www.zsbystrocice.cz\/index.php?rest_route=\/wp\/v2\/posts\/8638\/revisions\/8640"}],"wp:attachment":[{"href":"https:\/\/www.zsbystrocice.cz\/index.php?rest_route=%2Fwp%2Fv2%2Fmedia&parent=8638"}],"wp:term":[{"taxonomy":"category","embeddable":true,"href":"https:\/\/www.zsbystrocice.cz\/index.php?rest_route=%2Fwp%2Fv2%2Fcategories&post=8638"},{"taxonomy":"post_tag","embeddable":true,"href":"https:\/\/www.zsbystrocice.cz\/index.php?rest_route=%2Fwp%2Fv2%2Ftags&post=8638"}],"curies":[{"name":"wp","href":"https:\/\/api.w.org\/{rel}","templated":true}]}}