{"id":8634,"date":"2018-05-16T14:14:31","date_gmt":"2018-05-16T13:14:31","guid":{"rendered":"http:\/\/www.zsbystrocice.cz\/?p=8634"},"modified":"2018-05-16T14:14:37","modified_gmt":"2018-05-16T13:14:37","slug":"rozhodnuti-o-prijeti-k-predskolnimu-vzdelavani-v-zakladni-skole-a-materske-skole-bystrocice-prispevkove-organizaci","status":"publish","type":"post","link":"https:\/\/www.zsbystrocice.cz\/?p=8634","title":{"rendered":"Rozhodnut\u00ed o p\u0159ijet\u00ed k p\u0159ed\u0161koln\u00edmu vzd\u011bl\u00e1v\u00e1n\u00ed v Z\u00e1kladn\u00ed \u0161kole a Mate\u0159sk\u00e9 \u0161kole Bystro\u010dice, p\u0159\u00edsp\u011bvkov\u00e9 organizaci"},"content":{"rendered":"<p><a href=\"https:\/\/www.zsbystrocice.cz\/wp-content\/uploads\/2018\/05\/Rozhodnut\u00ed-o-p\u0159ijet\u00ed-k-p\u0159ed\u0161koln\u00edmu-vzd\u011bl\u00e1v\u00e1n\u00ed.jpg\"><img loading=\"lazy\" class=\"alignnone size-medium wp-image-8635\" alt=\"Rozhodnut\u00ed o p\u0159ijet\u00ed k p\u0159ed\u0161koln\u00edmu vzd\u011bl\u00e1v\u00e1n\u00ed\" src=\"https:\/\/www.zsbystrocice.cz\/wp-content\/uploads\/2018\/05\/Rozhodnut\u00ed-o-p\u0159ijet\u00ed-k-p\u0159ed\u0161koln\u00edmu-vzd\u011bl\u00e1v\u00e1n\u00ed-212x300.jpg\" width=\"212\" height=\"300\" srcset=\"https:\/\/www.zsbystrocice.cz\/wp-content\/uploads\/2018\/05\/Rozhodnut\u00ed-o-p\u0159ijet\u00ed-k-p\u0159ed\u0161koln\u00edmu-vzd\u011bl\u00e1v\u00e1n\u00ed-212x300.jpg 212w, https:\/\/www.zsbystrocice.cz\/wp-content\/uploads\/2018\/05\/Rozhodnut\u00ed-o-p\u0159ijet\u00ed-k-p\u0159ed\u0161koln\u00edmu-vzd\u011bl\u00e1v\u00e1n\u00ed-724x1024.jpg 724w, https:\/\/www.zsbystrocice.cz\/wp-content\/uploads\/2018\/05\/Rozhodnut\u00ed-o-p\u0159ijet\u00ed-k-p\u0159ed\u0161koln\u00edmu-vzd\u011bl\u00e1v\u00e1n\u00ed.jpg 1240w\" sizes=\"(max-width: 212px) 100vw, 212px\" \/><\/a><\/p>\n","protected":false},"excerpt":{"rendered":"","protected":false},"author":2,"featured_media":0,"comment_status":"closed","ping_status":"open","sticky":false,"template":"","format":"standard","meta":{"ngg_post_thumbnail":0},"categories":[3,5],"tags":[],"_links":{"self":[{"href":"https:\/\/www.zsbystrocice.cz\/index.php?rest_route=\/wp\/v2\/posts\/8634"}],"collection":[{"href":"https:\/\/www.zsbystrocice.cz\/index.php?rest_route=\/wp\/v2\/posts"}],"about":[{"href":"https:\/\/www.zsbystrocice.cz\/index.php?rest_route=\/wp\/v2\/types\/post"}],"author":[{"embeddable":true,"href":"https:\/\/www.zsbystrocice.cz\/index.php?rest_route=\/wp\/v2\/users\/2"}],"replies":[{"embeddable":true,"href":"https:\/\/www.zsbystrocice.cz\/index.php?rest_route=%2Fwp%2Fv2%2Fcomments&post=8634"}],"version-history":[{"count":1,"href":"https:\/\/www.zsbystrocice.cz\/index.php?rest_route=\/wp\/v2\/posts\/8634\/revisions"}],"predecessor-version":[{"id":8636,"href":"https:\/\/www.zsbystrocice.cz\/index.php?rest_route=\/wp\/v2\/posts\/8634\/revisions\/8636"}],"wp:attachment":[{"href":"https:\/\/www.zsbystrocice.cz\/index.php?rest_route=%2Fwp%2Fv2%2Fmedia&parent=8634"}],"wp:term":[{"taxonomy":"category","embeddable":true,"href":"https:\/\/www.zsbystrocice.cz\/index.php?rest_route=%2Fwp%2Fv2%2Fcategories&post=8634"},{"taxonomy":"post_tag","embeddable":true,"href":"https:\/\/www.zsbystrocice.cz\/index.php?rest_route=%2Fwp%2Fv2%2Ftags&post=8634"}],"curies":[{"name":"wp","href":"https:\/\/api.w.org\/{rel}","templated":true}]}}