{"id":8537,"date":"2018-04-27T11:46:40","date_gmt":"2018-04-27T10:46:40","guid":{"rendered":"http:\/\/www.zsbystrocice.cz\/?p=8537"},"modified":"2018-04-27T11:49:22","modified_gmt":"2018-04-27T10:49:22","slug":"uklidme-svet-v-pondeli-30-4-2018","status":"publish","type":"post","link":"https:\/\/www.zsbystrocice.cz\/?p=8537","title":{"rendered":"Ukli\u010fme sv\u011bt v pond\u011bl\u00ed 30. 4. 2018"},"content":{"rendered":"<p>V\u00a0pond\u011bl\u00ed 30. 4. 2018 m\u00e1me pro d\u011bti ve \u0161kole p\u0159ipraven\u00fd projekt Ukli\u010fme sv\u011bt. \u017d\u00e1ci si vezmou sportovn\u00ed oble\u010den\u00ed a obuv, pracovn\u00ed rukavice, psac\u00ed pot\u0159eby, sva\u010dinu a pit\u00ed. Mohou si p\u0159in\u00e9st tak\u00e9 masku \u010darod\u011bjnic a \u010darod\u011bj\u016f. Za hezk\u00e9ho po\u010das\u00ed pro d\u011bti na zahrad\u011b p\u0159iprav\u00edme \u010darod\u011bjn\u00fd rej.<\/p>\n<p>\u0160koln\u00ed dru\u017eina bude do 16:30 h. V\u00a015:30h. budeme odch\u00e1zet s\u00a0d\u011btmi k\u00a0sokolovn\u011b na akci P\u00e1len\u00ed \u010darod\u011bjnic, kterou po\u0159\u00e1d\u00e1 Obec Bystro\u010dice. Od 15:30 h. si budou\u00a0rodi\u010de d\u011bti vyzved\u00e1vat u sokolovny.<\/p>\n","protected":false},"excerpt":{"rendered":"<p>V\u00a0pond\u011bl\u00ed 30. 4. 2018 m\u00e1me pro d\u011bti ve \u0161kole p\u0159ipraven\u00fd projekt Ukli\u010fme sv\u011bt. \u017d\u00e1ci si vezmou sportovn\u00ed oble\u010den\u00ed a obuv, pracovn\u00ed rukavice, psac\u00ed pot\u0159eby, sva\u010dinu a pit\u00ed. Mohou si p\u0159in\u00e9st tak\u00e9 masku \u010darod\u011bjnic a \u010darod\u011bj\u016f. Za hezk\u00e9ho po\u010das\u00ed pro d\u011bti na zahrad\u011b p\u0159iprav\u00edme \u010darod\u011bjn\u00fd rej. \u0160koln\u00ed dru\u017eina bude do 16:30 [&hellip;]<\/p>\n","protected":false},"author":2,"featured_media":0,"comment_status":"closed","ping_status":"open","sticky":false,"template":"","format":"standard","meta":{"ngg_post_thumbnail":0},"categories":[3,6,4],"tags":[],"_links":{"self":[{"href":"https:\/\/www.zsbystrocice.cz\/index.php?rest_route=\/wp\/v2\/posts\/8537"}],"collection":[{"href":"https:\/\/www.zsbystrocice.cz\/index.php?rest_route=\/wp\/v2\/posts"}],"about":[{"href":"https:\/\/www.zsbystrocice.cz\/index.php?rest_route=\/wp\/v2\/types\/post"}],"author":[{"embeddable":true,"href":"https:\/\/www.zsbystrocice.cz\/index.php?rest_route=\/wp\/v2\/users\/2"}],"replies":[{"embeddable":true,"href":"https:\/\/www.zsbystrocice.cz\/index.php?rest_route=%2Fwp%2Fv2%2Fcomments&post=8537"}],"version-history":[{"count":3,"href":"https:\/\/www.zsbystrocice.cz\/index.php?rest_route=\/wp\/v2\/posts\/8537\/revisions"}],"predecessor-version":[{"id":8540,"href":"https:\/\/www.zsbystrocice.cz\/index.php?rest_route=\/wp\/v2\/posts\/8537\/revisions\/8540"}],"wp:attachment":[{"href":"https:\/\/www.zsbystrocice.cz\/index.php?rest_route=%2Fwp%2Fv2%2Fmedia&parent=8537"}],"wp:term":[{"taxonomy":"category","embeddable":true,"href":"https:\/\/www.zsbystrocice.cz\/index.php?rest_route=%2Fwp%2Fv2%2Fcategories&post=8537"},{"taxonomy":"post_tag","embeddable":true,"href":"https:\/\/www.zsbystrocice.cz\/index.php?rest_route=%2Fwp%2Fv2%2Ftags&post=8537"}],"curies":[{"name":"wp","href":"https:\/\/api.w.org\/{rel}","templated":true}]}}