{"id":8530,"date":"2018-04-23T10:17:17","date_gmt":"2018-04-23T09:17:17","guid":{"rendered":"http:\/\/www.zsbystrocice.cz\/?p=8530"},"modified":"2018-04-23T10:17:22","modified_gmt":"2018-04-23T09:17:22","slug":"seznam-deti-prijatych-do-1-rocniku-zs-bystrocice-pro-skolni-rok-2018-2019","status":"publish","type":"post","link":"https:\/\/www.zsbystrocice.cz\/?p=8530","title":{"rendered":"Seznam d\u011bt\u00ed p\u0159ijat\u00fdch do 1. ro\u010dn\u00edku Z\u0160 Bystro\u010dice pro \u0161koln\u00ed rok 2018 &#8211; 2019"},"content":{"rendered":"<p><a href=\"https:\/\/www.zsbystrocice.cz\/wp-content\/uploads\/2018\/04\/Seznam-p\u0159ijat\u00fdch-d\u011bt\u00ed-do-1.-ro\u010dn\u00edku-Z\u0160-Bystro\u010dice-pro-\u0161koln\u00ed-rok-2018-2019.jpg\"><img loading=\"lazy\" class=\"alignnone size-medium wp-image-8531\" alt=\"Seznam p\u0159ijat\u00fdch d\u011bt\u00ed do 1. ro\u010dn\u00edku Z\u0160 Bystro\u010dice pro \u0161koln\u00ed rok 2018 - 2019\" src=\"https:\/\/www.zsbystrocice.cz\/wp-content\/uploads\/2018\/04\/Seznam-p\u0159ijat\u00fdch-d\u011bt\u00ed-do-1.-ro\u010dn\u00edku-Z\u0160-Bystro\u010dice-pro-\u0161koln\u00ed-rok-2018-2019-212x300.jpg\" width=\"212\" height=\"300\" srcset=\"https:\/\/www.zsbystrocice.cz\/wp-content\/uploads\/2018\/04\/Seznam-p\u0159ijat\u00fdch-d\u011bt\u00ed-do-1.-ro\u010dn\u00edku-Z\u0160-Bystro\u010dice-pro-\u0161koln\u00ed-rok-2018-2019-212x300.jpg 212w, https:\/\/www.zsbystrocice.cz\/wp-content\/uploads\/2018\/04\/Seznam-p\u0159ijat\u00fdch-d\u011bt\u00ed-do-1.-ro\u010dn\u00edku-Z\u0160-Bystro\u010dice-pro-\u0161koln\u00ed-rok-2018-2019-724x1024.jpg 724w, https:\/\/www.zsbystrocice.cz\/wp-content\/uploads\/2018\/04\/Seznam-p\u0159ijat\u00fdch-d\u011bt\u00ed-do-1.-ro\u010dn\u00edku-Z\u0160-Bystro\u010dice-pro-\u0161koln\u00ed-rok-2018-2019.jpg 1240w\" sizes=\"(max-width: 212px) 100vw, 212px\" \/><\/a><\/p>\n","protected":false},"excerpt":{"rendered":"","protected":false},"author":2,"featured_media":0,"comment_status":"closed","ping_status":"open","sticky":false,"template":"","format":"standard","meta":{"ngg_post_thumbnail":0},"categories":[3,4],"tags":[],"_links":{"self":[{"href":"https:\/\/www.zsbystrocice.cz\/index.php?rest_route=\/wp\/v2\/posts\/8530"}],"collection":[{"href":"https:\/\/www.zsbystrocice.cz\/index.php?rest_route=\/wp\/v2\/posts"}],"about":[{"href":"https:\/\/www.zsbystrocice.cz\/index.php?rest_route=\/wp\/v2\/types\/post"}],"author":[{"embeddable":true,"href":"https:\/\/www.zsbystrocice.cz\/index.php?rest_route=\/wp\/v2\/users\/2"}],"replies":[{"embeddable":true,"href":"https:\/\/www.zsbystrocice.cz\/index.php?rest_route=%2Fwp%2Fv2%2Fcomments&post=8530"}],"version-history":[{"count":1,"href":"https:\/\/www.zsbystrocice.cz\/index.php?rest_route=\/wp\/v2\/posts\/8530\/revisions"}],"predecessor-version":[{"id":8532,"href":"https:\/\/www.zsbystrocice.cz\/index.php?rest_route=\/wp\/v2\/posts\/8530\/revisions\/8532"}],"wp:attachment":[{"href":"https:\/\/www.zsbystrocice.cz\/index.php?rest_route=%2Fwp%2Fv2%2Fmedia&parent=8530"}],"wp:term":[{"taxonomy":"category","embeddable":true,"href":"https:\/\/www.zsbystrocice.cz\/index.php?rest_route=%2Fwp%2Fv2%2Fcategories&post=8530"},{"taxonomy":"post_tag","embeddable":true,"href":"https:\/\/www.zsbystrocice.cz\/index.php?rest_route=%2Fwp%2Fv2%2Ftags&post=8530"}],"curies":[{"name":"wp","href":"https:\/\/api.w.org\/{rel}","templated":true}]}}