{"id":7871,"date":"2017-10-13T11:07:11","date_gmt":"2017-10-13T10:07:11","guid":{"rendered":"http:\/\/www.zsbystrocice.cz\/?p=7871"},"modified":"2017-10-13T11:08:28","modified_gmt":"2017-10-13T10:08:28","slug":"plavecky-vycvik","status":"publish","type":"post","link":"https:\/\/www.zsbystrocice.cz\/?p=7871","title":{"rendered":"Plaveck\u00fd v\u00fdcvik"},"content":{"rendered":"<p>Na\u0161e \u0161kola z\u00edskala dotaci ve v\u00fd\u0161i 26\u00a0460,- K\u010d na dopravu \u017e\u00e1k\u016f na plaveck\u00fd v\u00fdcvik v\u00a0obdob\u00ed od z\u00e1\u0159\u00ed do prosince 2017. Podm\u00ednkou dotace je uskute\u010dn\u011bn\u00ed 20 lekc\u00ed plaveck\u00e9ho v\u00fdcviku v\u00a0tomto obdob\u00ed. <!--more-->Po obdr\u017een\u00ed v\u00fdsledk\u016f dotace jsem ihned za\u010dala jednat s\u00a0\u0159editelem Plaveck\u00e9 \u0161koly v\u00a0Olomouci a dohodli jsme term\u00edn plaveck\u00e9ho kurzu ( p\u00e1tek 10:30 \u2013 12:00 h. \u2013 2 lekce jdouc\u00ed po sob\u011b, abychom splnili v\u00fd\u0161e zm\u00edn\u011bnou podm\u00ednku dotace ).<\/p>\n<p><strong>\u00a0Od p\u00e1tku 20. 10. 2017<\/strong> je zaji\u0161t\u011bn pro \u017e\u00e1ky 1. ro\u010dn\u00edku z\u00e1kladn\u00ed plaveck\u00fd v\u00fdcvik a pro \u017e\u00e1ky 2. \u2013 5. ro\u010dn\u00edku zdokonalovac\u00ed plaveck\u00fd v\u00fdcvik.<\/p>\n<p>V\u00fdcvik bude prob\u00edhat v\u017edy <strong>ka\u017ed\u00fd p\u00e1tek od 10:30 h do 12:00 h.<\/strong><\/p>\n<p><b>V\u00fduka plav\u00e1n\u00ed bude sou\u010d\u00e1st\u00ed v\u00fduky TV, omluveni mohou b\u00fdt pouze \u017e\u00e1ci se zdravotn\u00edm omezen\u00edm a\u00a0potvrzen\u00edm l\u00e9ka\u0159e.<\/b><\/p>\n<p>N\u00e1klady:<\/p>\n<ul>\n<li>poplatek za z\u00e1kladn\u00ed v\u00fdcvik hrad\u00ed \u0161kola<\/li>\n<li>poplatek za zdokonalovac\u00ed v\u00fdcvik \u010din\u00ed na pololet\u00ed 400,-K\u010d (pozn.: poplatek je na velmi n\u00edzk\u00e9 \u00farovni, ned\u00e1 se srovnat s\u00a0b\u011b\u017en\u00fdm vstupn\u00fdm, jedna hodina v\u00fdcviku vych\u00e1z\u00ed cca na 20,-K\u010d)\u00a0 2. \u2013 5. ro\u010dn\u00edk<\/li>\n<li>dopravu autobusem \u017e\u00e1ci nebudou hradit, bude placena z\u00a0dotace.<\/li>\n<\/ul>\n<p>&nbsp;<\/p>\n<p><strong><span style=\"text-decoration: underline;\">\u017d\u00e1k 1. ro\u010dn\u00edku Z\u0160 bude m\u00edt plaveck\u00fd v\u00fdcvik v\u010detn\u011b dopravy zdarma a \u017e\u00e1ci 2. \u2013 5. ro\u010dn\u00edku Z\u0160 zaplat\u00ed za zdokonalovac\u00ed plaveck\u00fd v\u00fdcvik 400,-K\u010d.<\/span><\/strong><b><\/b><\/p>\n<p>Nov\u00fd rozvrh platn\u00fd od pond\u011bl\u00ed 16. 10. 2017 bude \u017e\u00e1k\u016fm p\u0159ed\u00e1n v\u00a0p\u00e1tek 13. 10. 2017.<\/p>\n<p><b>\u00a0<\/b><\/p>\n","protected":false},"excerpt":{"rendered":"<p>Na\u0161e \u0161kola z\u00edskala dotaci ve v\u00fd\u0161i 26\u00a0460,- K\u010d na dopravu \u017e\u00e1k\u016f na plaveck\u00fd v\u00fdcvik v\u00a0obdob\u00ed od z\u00e1\u0159\u00ed do prosince 2017. Podm\u00ednkou dotace je uskute\u010dn\u011bn\u00ed 20 lekc\u00ed plaveck\u00e9ho v\u00fdcviku v\u00a0tomto obdob\u00ed.<\/p>\n","protected":false},"author":2,"featured_media":0,"comment_status":"closed","ping_status":"open","sticky":false,"template":"","format":"standard","meta":{"ngg_post_thumbnail":0},"categories":[3,4],"tags":[],"_links":{"self":[{"href":"https:\/\/www.zsbystrocice.cz\/index.php?rest_route=\/wp\/v2\/posts\/7871"}],"collection":[{"href":"https:\/\/www.zsbystrocice.cz\/index.php?rest_route=\/wp\/v2\/posts"}],"about":[{"href":"https:\/\/www.zsbystrocice.cz\/index.php?rest_route=\/wp\/v2\/types\/post"}],"author":[{"embeddable":true,"href":"https:\/\/www.zsbystrocice.cz\/index.php?rest_route=\/wp\/v2\/users\/2"}],"replies":[{"embeddable":true,"href":"https:\/\/www.zsbystrocice.cz\/index.php?rest_route=%2Fwp%2Fv2%2Fcomments&post=7871"}],"version-history":[{"count":2,"href":"https:\/\/www.zsbystrocice.cz\/index.php?rest_route=\/wp\/v2\/posts\/7871\/revisions"}],"predecessor-version":[{"id":7873,"href":"https:\/\/www.zsbystrocice.cz\/index.php?rest_route=\/wp\/v2\/posts\/7871\/revisions\/7873"}],"wp:attachment":[{"href":"https:\/\/www.zsbystrocice.cz\/index.php?rest_route=%2Fwp%2Fv2%2Fmedia&parent=7871"}],"wp:term":[{"taxonomy":"category","embeddable":true,"href":"https:\/\/www.zsbystrocice.cz\/index.php?rest_route=%2Fwp%2Fv2%2Fcategories&post=7871"},{"taxonomy":"post_tag","embeddable":true,"href":"https:\/\/www.zsbystrocice.cz\/index.php?rest_route=%2Fwp%2Fv2%2Ftags&post=7871"}],"curies":[{"name":"wp","href":"https:\/\/api.w.org\/{rel}","templated":true}]}}