{"id":7866,"date":"2017-10-03T10:35:35","date_gmt":"2017-10-03T09:35:35","guid":{"rendered":"http:\/\/www.zsbystrocice.cz\/?p=7866"},"modified":"2017-10-03T10:36:26","modified_gmt":"2017-10-03T09:36:26","slug":"zari-patrilo-zdenku-sverakovi","status":"publish","type":"post","link":"https:\/\/www.zsbystrocice.cz\/?p=7866","title":{"rendered":"Z\u00e1\u0159\u00ed pat\u0159ilo Zde\u0148ku Sv\u011br\u00e1kovi"},"content":{"rendered":"<p>V z\u00e1\u0159\u00ed jsme si pov\u00eddali o Zde\u0148ku Sv\u011br\u00e1kovi. Vid\u011bli jsme dokument Rop\u00e1ci od Jana Sv\u011br\u00e1ka a\u00a0zkou\u0161eli jsme je tak\u00e9 nakreslit. M\u011bli jsme p\u0159e\u010d\u00edst n\u011bjakou knihu od Zde\u0148ka Sv\u011br\u00e1ka. J\u00e1 jsem p\u0159e\u010detla knihu\u00a0Tat\u00ednku, ta se ti povedla. Ve st\u0159edu 27. 9. jsme jeli do \u010cech pod Kos\u00ed\u0159em na z\u00e1mek a prohl\u00e9dli si v\u00fdstavu Zde\u0148ka a Jana Sv\u011br\u00e1kov\u00fdch. Zazp\u00edvali jsme si\u00a0spoustu Sv\u011br\u00e1kov\u00fdch p\u00edsn\u00ed. R\u00e1di bychom Zde\u0148ka Sv\u011br\u00e1ka p\u0159iv\u00edtali u n\u00e1s ve \u0161kole, proto mu ve slohu nap\u00ed\u0161eme dopis a budeme doufat, \u017ee se n\u011bkdy v na\u0161\u00ed \u0161kole zastav\u00ed.\u00a0\u00a0\u00a0 Napsala Nela Pavelkov\u00e1<\/p>\n","protected":false},"excerpt":{"rendered":"<p>V z\u00e1\u0159\u00ed jsme si pov\u00eddali o Zde\u0148ku Sv\u011br\u00e1kovi. Vid\u011bli jsme dokument Rop\u00e1ci od Jana Sv\u011br\u00e1ka a\u00a0zkou\u0161eli jsme je tak\u00e9 nakreslit. M\u011bli jsme p\u0159e\u010d\u00edst n\u011bjakou knihu od Zde\u0148ka Sv\u011br\u00e1ka. J\u00e1 jsem p\u0159e\u010detla knihu\u00a0Tat\u00ednku, ta se ti povedla. Ve st\u0159edu 27. 9. jsme jeli do \u010cech pod Kos\u00ed\u0159em na z\u00e1mek a prohl\u00e9dli [&hellip;]<\/p>\n","protected":false},"author":2,"featured_media":0,"comment_status":"closed","ping_status":"open","sticky":false,"template":"","format":"standard","meta":{"ngg_post_thumbnail":0},"categories":[3,4],"tags":[],"_links":{"self":[{"href":"https:\/\/www.zsbystrocice.cz\/index.php?rest_route=\/wp\/v2\/posts\/7866"}],"collection":[{"href":"https:\/\/www.zsbystrocice.cz\/index.php?rest_route=\/wp\/v2\/posts"}],"about":[{"href":"https:\/\/www.zsbystrocice.cz\/index.php?rest_route=\/wp\/v2\/types\/post"}],"author":[{"embeddable":true,"href":"https:\/\/www.zsbystrocice.cz\/index.php?rest_route=\/wp\/v2\/users\/2"}],"replies":[{"embeddable":true,"href":"https:\/\/www.zsbystrocice.cz\/index.php?rest_route=%2Fwp%2Fv2%2Fcomments&post=7866"}],"version-history":[{"count":3,"href":"https:\/\/www.zsbystrocice.cz\/index.php?rest_route=\/wp\/v2\/posts\/7866\/revisions"}],"predecessor-version":[{"id":7869,"href":"https:\/\/www.zsbystrocice.cz\/index.php?rest_route=\/wp\/v2\/posts\/7866\/revisions\/7869"}],"wp:attachment":[{"href":"https:\/\/www.zsbystrocice.cz\/index.php?rest_route=%2Fwp%2Fv2%2Fmedia&parent=7866"}],"wp:term":[{"taxonomy":"category","embeddable":true,"href":"https:\/\/www.zsbystrocice.cz\/index.php?rest_route=%2Fwp%2Fv2%2Fcategories&post=7866"},{"taxonomy":"post_tag","embeddable":true,"href":"https:\/\/www.zsbystrocice.cz\/index.php?rest_route=%2Fwp%2Fv2%2Ftags&post=7866"}],"curies":[{"name":"wp","href":"https:\/\/api.w.org\/{rel}","templated":true}]}}