{"id":7372,"date":"2017-06-06T11:09:49","date_gmt":"2017-06-06T10:09:49","guid":{"rendered":"http:\/\/www.zsbystrocice.cz\/?p=7372"},"modified":"2017-06-06T11:11:15","modified_gmt":"2017-06-06T10:11:15","slug":"informace-ke-skolni-akci-orientka-2017","status":"publish","type":"post","link":"https:\/\/www.zsbystrocice.cz\/?p=7372","title":{"rendered":"Informace ke \u0161koln\u00ed akci Orientka 2017 ( 26. 6. &#8211; 29. 6. 2017 )"},"content":{"rendered":"<p>Ubytov\u00e1n\u00ed je zaji\u0161t\u011bno v\u00a0chat\u011b Orientka ve Star\u00e9 Vsi (www.<a href=\"http:\/\/www.hotelzubric.cz\">orientka.cz<\/a>) . Strava je zaji\u0161t\u011bna 5x denn\u011b + pitn\u00fd re\u017eim. Za\u010d\u00edn\u00e1me pond\u011bln\u00edm ob\u011bdem, kon\u010d\u00edme ve\u00a0\u010dtvrtek ob\u011bdem. Odjezd od \u0161koly v\u00a0pond\u011bl\u00ed 26. 6. 2017 je v\u00a08:00 hod. P\u0159edpokl\u00e1dan\u00fd p\u0159\u00edjezd ve\u00a0\u010dtvrtek 29. 6. ke \u0161kole je v\u00a015:30 hod.<!--more--> Cena pobytu za d\u00edt\u011b je 2.095,-K\u010d + 350,-K\u010d doprava. Celkem 2.445,-K\u010d. \u00a0Pobyt za d\u00edt\u011b m\u016f\u017eete platit hotov\u011b t\u0159\u00eddn\u00edm u\u010ditelk\u00e1m nebo p\u0159evodem na \u00fa\u010det \u0161koly (\u010d\u00edslo \u00fa\u010dtu: 4070005876\/6800, do pozn\u00e1mek napi\u0161te jm\u00e9no + p\u0159\u00edjmen\u00ed d\u00edt\u011bte). Pobyt mus\u00ed b\u00fdt uhrazen nejpozd\u011bji do st\u0159edy 21. 6. 2017.<\/p>\n<p><strong><span style=\"text-decoration: underline;\">POZOR! P\u0159ed odjezdem odevzdat t\u0159\u00eddn\u00ed u\u010ditelce:<\/span><\/strong><\/p>\n<p><b>Potvrzen\u00ed o bezinfek\u010dnosti\u00a0 ( Prohl\u00e1\u0161en\u00ed z\u00e1konn\u00fdch z\u00e1stupc\u016f nesm\u00ed b\u00fdt star\u0161\u00ed ne\u017e 1 den.)<\/b>, <b>Posudek o zdravotn\u00ed zp\u016fsobilosti d\u00edt\u011bte<\/b>, pr\u016fkaz zdravotn\u00ed poji\u0161\u0165ovny \u2013 m\u016f\u017ee b\u00fdt kopie \u00a0(v\u0161e v\u00a0ob\u00e1lce ozna\u010den\u00e9 jm\u00e9nem d\u00edt\u011bte) a l\u00e9ky, pokud je d\u011bti u\u017e\u00edvaj\u00ed. L\u00e9ky budou viditeln\u011b ozna\u010den\u00e9 jm\u00e9nem d\u00edt\u011bte a d\u00e1vkov\u00e1n\u00edm.<\/p>\n<p>Podrobn\u00e9 informace a potvrzen\u00ed k\u00a0vypln\u011bn\u00ed dostali p\u0159ihl\u00e1\u0161en\u00ed \u017e\u00e1ci od t\u0159\u00eddn\u00edch u\u010ditelek.<\/p>\n<p>&nbsp;<\/p>\n<p>&nbsp;<\/p>\n","protected":false},"excerpt":{"rendered":"<p>Ubytov\u00e1n\u00ed je zaji\u0161t\u011bno v\u00a0chat\u011b Orientka ve Star\u00e9 Vsi (www.orientka.cz) . Strava je zaji\u0161t\u011bna 5x denn\u011b + pitn\u00fd re\u017eim. Za\u010d\u00edn\u00e1me pond\u011bln\u00edm ob\u011bdem, kon\u010d\u00edme ve\u00a0\u010dtvrtek ob\u011bdem. Odjezd od \u0161koly v\u00a0pond\u011bl\u00ed 26. 6. 2017 je v\u00a08:00 hod. P\u0159edpokl\u00e1dan\u00fd p\u0159\u00edjezd ve\u00a0\u010dtvrtek 29. 6. ke \u0161kole je v\u00a015:30 hod.<\/p>\n","protected":false},"author":2,"featured_media":0,"comment_status":"closed","ping_status":"open","sticky":false,"template":"","format":"standard","meta":{"ngg_post_thumbnail":0},"categories":[3,4],"tags":[],"_links":{"self":[{"href":"https:\/\/www.zsbystrocice.cz\/index.php?rest_route=\/wp\/v2\/posts\/7372"}],"collection":[{"href":"https:\/\/www.zsbystrocice.cz\/index.php?rest_route=\/wp\/v2\/posts"}],"about":[{"href":"https:\/\/www.zsbystrocice.cz\/index.php?rest_route=\/wp\/v2\/types\/post"}],"author":[{"embeddable":true,"href":"https:\/\/www.zsbystrocice.cz\/index.php?rest_route=\/wp\/v2\/users\/2"}],"replies":[{"embeddable":true,"href":"https:\/\/www.zsbystrocice.cz\/index.php?rest_route=%2Fwp%2Fv2%2Fcomments&post=7372"}],"version-history":[{"count":2,"href":"https:\/\/www.zsbystrocice.cz\/index.php?rest_route=\/wp\/v2\/posts\/7372\/revisions"}],"predecessor-version":[{"id":7374,"href":"https:\/\/www.zsbystrocice.cz\/index.php?rest_route=\/wp\/v2\/posts\/7372\/revisions\/7374"}],"wp:attachment":[{"href":"https:\/\/www.zsbystrocice.cz\/index.php?rest_route=%2Fwp%2Fv2%2Fmedia&parent=7372"}],"wp:term":[{"taxonomy":"category","embeddable":true,"href":"https:\/\/www.zsbystrocice.cz\/index.php?rest_route=%2Fwp%2Fv2%2Fcategories&post=7372"},{"taxonomy":"post_tag","embeddable":true,"href":"https:\/\/www.zsbystrocice.cz\/index.php?rest_route=%2Fwp%2Fv2%2Ftags&post=7372"}],"curies":[{"name":"wp","href":"https:\/\/api.w.org\/{rel}","templated":true}]}}