{"id":6308,"date":"2016-12-14T13:57:00","date_gmt":"2016-12-14T12:57:00","guid":{"rendered":"http:\/\/www.zsbystrocice.cz\/?p=6308"},"modified":"2016-12-14T13:57:53","modified_gmt":"2016-12-14T12:57:53","slug":"putovani-za-betlemskou-hvezdou-spojene-se-spanim-ve-skole","status":"publish","type":"post","link":"https:\/\/www.zsbystrocice.cz\/?p=6308","title":{"rendered":"PUTOV\u00c1N\u00cd ZA BETL\u00c9MSKOU HV\u011aZDOU"},"content":{"rendered":"<p><b>Ve st\u0159edu 21. 12. 2016 v\u00a018:00h<\/b>. V\u00e1s srde\u010dn\u011b zveme <b>na \u0161koln\u00ed zahradu<\/b>, kde prob\u011bhne akce s\u00a0n\u00e1zvem\u00a0 <b>Putov\u00e1n\u00ed za betl\u00e9mskou hv\u011bzdou<\/b>. M\u016f\u017eete se t\u011b\u0161it na rozsv\u011bcen\u00ed adventn\u00ed spir\u00e1ly, zp\u00edv\u00e1n\u00ed v\u00e1no\u010dn\u00edch koled, tepl\u00e9 n\u00e1poje na dvo\u0159e \u0161koly, putov\u00e1n\u00ed za betl\u00e9mskou hv\u011bzdou a \u017e\u00e1ci na span\u00ed ve \u0161kole.<!--more--> Pokud bude Va\u0161e d\u00edt\u011b sp\u00e1t ve \u0161kole, mus\u00ed odevzdat t\u0159\u00eddn\u00ed u\u010ditelce vypln\u011bnou p\u0159ihl\u00e1\u0161ku, kterou \u017e\u00e1ci ve \u0161kole dostali.<\/p>\n<p><b>\u017d\u00e1ci s\u00a0sebou mus\u00ed m\u00edt<\/b>: spac\u00e1k, karimatku, ve\u010de\u0159i, \u010dtvrte\u010dn\u00ed dopoledn\u00ed sva\u010dinu, kart\u00e1\u010dek na zuby a zubn\u00ed pastu, oble\u010den\u00ed na span\u00ed, psac\u00ed pot\u0159eb.<\/p>\n<p><b><span style=\"text-decoration: underline;\">Prosba o pomoc<\/span><\/b>:<\/p>\n<p>Pros\u00edme rodi\u010de \u00a0o upe\u010den\u00ed n\u011b\u010deho dobr\u00e9ho na spole\u010dnou \u010dtvrte\u010dn\u00ed sn\u00eddani. \u010caj zajist\u00ed \u0161kola. Pokud budete ochotni n\u011bco up\u00e9ct, dejte v\u011bd\u011bt n\u011bkter\u00e9mu z\u00a0pedagog\u016f \u0161koly.<\/p>\n<p><b>Ve\u00a0\u010dtvrtek 22. 12. 2016<\/b> je pro d\u011bti p\u0159ipraven v\u00fdukov\u00fd program <b>\u017divo jako v\u00a0\u00fale<\/b> spojen\u00fd s\u00a0v\u00fdrobou sv\u00ed\u010dky. <b>Na tento program vyb\u00edr\u00e1me 45,- K\u010d. Ve \u010dtvrtek 22. 12. 2016 bude vyu\u010dov\u00e1n\u00ed \u00a0pro v\u0161echny ro\u010dn\u00edky ukon\u010deno po 4. vyu\u010dovac\u00ed hodin\u011b (v 11:40 h.). \u0160koln\u00ed dru\u017eina bude otev\u0159ena do 16:40h.<\/b><\/p>\n<p>&nbsp;<\/p>\n","protected":false},"excerpt":{"rendered":"<p>Ve st\u0159edu 21. 12. 2016 v\u00a018:00h. V\u00e1s srde\u010dn\u011b zveme na \u0161koln\u00ed zahradu, kde prob\u011bhne akce s\u00a0n\u00e1zvem\u00a0 Putov\u00e1n\u00ed za betl\u00e9mskou hv\u011bzdou. M\u016f\u017eete se t\u011b\u0161it na rozsv\u011bcen\u00ed adventn\u00ed spir\u00e1ly, zp\u00edv\u00e1n\u00ed v\u00e1no\u010dn\u00edch koled, tepl\u00e9 n\u00e1poje na dvo\u0159e \u0161koly, putov\u00e1n\u00ed za betl\u00e9mskou hv\u011bzdou a \u017e\u00e1ci na span\u00ed ve \u0161kole.<\/p>\n","protected":false},"author":2,"featured_media":0,"comment_status":"closed","ping_status":"open","sticky":false,"template":"","format":"standard","meta":{"ngg_post_thumbnail":0},"categories":[3,5,4],"tags":[],"_links":{"self":[{"href":"https:\/\/www.zsbystrocice.cz\/index.php?rest_route=\/wp\/v2\/posts\/6308"}],"collection":[{"href":"https:\/\/www.zsbystrocice.cz\/index.php?rest_route=\/wp\/v2\/posts"}],"about":[{"href":"https:\/\/www.zsbystrocice.cz\/index.php?rest_route=\/wp\/v2\/types\/post"}],"author":[{"embeddable":true,"href":"https:\/\/www.zsbystrocice.cz\/index.php?rest_route=\/wp\/v2\/users\/2"}],"replies":[{"embeddable":true,"href":"https:\/\/www.zsbystrocice.cz\/index.php?rest_route=%2Fwp%2Fv2%2Fcomments&post=6308"}],"version-history":[{"count":2,"href":"https:\/\/www.zsbystrocice.cz\/index.php?rest_route=\/wp\/v2\/posts\/6308\/revisions"}],"predecessor-version":[{"id":6310,"href":"https:\/\/www.zsbystrocice.cz\/index.php?rest_route=\/wp\/v2\/posts\/6308\/revisions\/6310"}],"wp:attachment":[{"href":"https:\/\/www.zsbystrocice.cz\/index.php?rest_route=%2Fwp%2Fv2%2Fmedia&parent=6308"}],"wp:term":[{"taxonomy":"category","embeddable":true,"href":"https:\/\/www.zsbystrocice.cz\/index.php?rest_route=%2Fwp%2Fv2%2Fcategories&post=6308"},{"taxonomy":"post_tag","embeddable":true,"href":"https:\/\/www.zsbystrocice.cz\/index.php?rest_route=%2Fwp%2Fv2%2Ftags&post=6308"}],"curies":[{"name":"wp","href":"https:\/\/api.w.org\/{rel}","templated":true}]}}