{"id":2962,"date":"2015-10-21T08:09:05","date_gmt":"2015-10-21T07:09:05","guid":{"rendered":"http:\/\/www.zsbystrocice.cz\/?p=2962"},"modified":"2015-10-21T08:09:09","modified_gmt":"2015-10-21T07:09:09","slug":"projekty-objevujeme-vesmir-a-objevujeme-svet-zvirat","status":"publish","type":"post","link":"https:\/\/www.zsbystrocice.cz\/?p=2962","title":{"rendered":"Projekty &#8222;Objevujeme vesm\u00edr&#8220; a &#8222;Objevujeme sv\u011bt zv\u00ed\u0159at&#8220;"},"content":{"rendered":"<p>V\u00a0pond\u011bl\u00ed 26. 10. 2015 p\u0159ipravujeme pro d\u011bti projektov\u00fd den s\u00a0n\u00e1zvem \u201eObjevujeme vesm\u00edr\u201c. Cel\u00e9 dopoledne str\u00e1v\u00ed \u017e\u00e1ci se sv\u00fdmi t\u0159\u00eddn\u00edmi u\u010diteli.\u00a0 V\u00fduka bude kon\u010dit po 4. vyu\u010dovac\u00ed hodin\u011b (v 11:40 h.) pro v\u0161echny ro\u010dn\u00edky. \u0160koln\u00ed dru\u017eina bude otev\u0159ena do 16:40h. \u017d\u00e1ci, kte\u0159\u00ed se budou \u00fa\u010dastnit span\u00ed ve \u0161kole, se sejdou v\u00a018:00 hod. ve \u0161kole. \u017d\u00e1d\u00e1me rodi\u010de o dodr\u017een\u00ed srazu, proto\u017ee pojedeme do hv\u011bzd\u00e1rny v\u00a0Prost\u011bjov\u011b, kde m\u00e1me domluven\u00e9 pozorov\u00e1n\u00ed ve\u010dern\u00ed oblohy. T\u00edm zakon\u010d\u00edme projektov\u00fd den \u201e Objevujeme vesm\u00edr\u201c.<\/p>\n<p>V\u00a0\u00fater\u00fd 27. 10. 2015 je pro d\u011bti p\u0159ipravena beseda Ps\u00ed sp\u0159e\u017een\u00ed a sf\u00e9rick\u00e9 kino, kter\u00e9 prom\u00edtne film ze sv\u011bta zv\u00ed\u0159at. \u00datern\u00ed projektov\u00fd den \u201eObjevujeme sv\u011bt zv\u00ed\u0159at\u201c bude ukon\u010den pro v\u0161echny ro\u010dn\u00edky op\u011bt po 4. vyu\u010dovac\u00ed hodin\u011b (v 11:40 h.). \u0160koln\u00ed dru\u017eina bude op\u011bt otev\u0159ena do 16:40h.<\/p>\n<p><strong>\u00datern\u00edho programu se budou \u00fa\u010dastnit i d\u011bti z M\u0160.<\/strong><\/p>\n<p>Program ( hv\u011bzd\u00e1rna\u00a0 + beseda Ps\u00ed sp\u0159e\u017een\u00ed) m\u016f\u017ee b\u00fdt zm\u011bn\u011bn z\u00a0d\u016fvodu nep\u0159\u00edzniv\u00e9ho po\u010das\u00ed.<\/p>\n<p>&nbsp;<\/p>\n<p>&nbsp;<\/p>\n<p>&nbsp;<\/p>\n","protected":false},"excerpt":{"rendered":"<p>V\u00a0pond\u011bl\u00ed 26. 10. 2015 p\u0159ipravujeme pro d\u011bti projektov\u00fd den s\u00a0n\u00e1zvem \u201eObjevujeme vesm\u00edr\u201c. Cel\u00e9 dopoledne str\u00e1v\u00ed \u017e\u00e1ci se sv\u00fdmi t\u0159\u00eddn\u00edmi u\u010diteli.\u00a0 V\u00fduka bude kon\u010dit po 4. vyu\u010dovac\u00ed hodin\u011b (v 11:40 h.) pro v\u0161echny ro\u010dn\u00edky. \u0160koln\u00ed dru\u017eina bude otev\u0159ena do 16:40h. \u017d\u00e1ci, kte\u0159\u00ed se budou \u00fa\u010dastnit span\u00ed ve \u0161kole, se sejdou v\u00a018:00 [&hellip;]<\/p>\n","protected":false},"author":2,"featured_media":0,"comment_status":"closed","ping_status":"open","sticky":false,"template":"","format":"standard","meta":{"ngg_post_thumbnail":0},"categories":[3,5,4],"tags":[],"_links":{"self":[{"href":"https:\/\/www.zsbystrocice.cz\/index.php?rest_route=\/wp\/v2\/posts\/2962"}],"collection":[{"href":"https:\/\/www.zsbystrocice.cz\/index.php?rest_route=\/wp\/v2\/posts"}],"about":[{"href":"https:\/\/www.zsbystrocice.cz\/index.php?rest_route=\/wp\/v2\/types\/post"}],"author":[{"embeddable":true,"href":"https:\/\/www.zsbystrocice.cz\/index.php?rest_route=\/wp\/v2\/users\/2"}],"replies":[{"embeddable":true,"href":"https:\/\/www.zsbystrocice.cz\/index.php?rest_route=%2Fwp%2Fv2%2Fcomments&post=2962"}],"version-history":[{"count":1,"href":"https:\/\/www.zsbystrocice.cz\/index.php?rest_route=\/wp\/v2\/posts\/2962\/revisions"}],"predecessor-version":[{"id":2963,"href":"https:\/\/www.zsbystrocice.cz\/index.php?rest_route=\/wp\/v2\/posts\/2962\/revisions\/2963"}],"wp:attachment":[{"href":"https:\/\/www.zsbystrocice.cz\/index.php?rest_route=%2Fwp%2Fv2%2Fmedia&parent=2962"}],"wp:term":[{"taxonomy":"category","embeddable":true,"href":"https:\/\/www.zsbystrocice.cz\/index.php?rest_route=%2Fwp%2Fv2%2Fcategories&post=2962"},{"taxonomy":"post_tag","embeddable":true,"href":"https:\/\/www.zsbystrocice.cz\/index.php?rest_route=%2Fwp%2Fv2%2Ftags&post=2962"}],"curies":[{"name":"wp","href":"https:\/\/api.w.org\/{rel}","templated":true}]}}