{"id":2944,"date":"2015-10-07T10:21:36","date_gmt":"2015-10-07T09:21:36","guid":{"rendered":"http:\/\/www.zsbystrocice.cz\/?p=2944"},"modified":"2015-10-07T10:22:19","modified_gmt":"2015-10-07T09:22:19","slug":"vlastivedne-muzeum-olomouc","status":"publish","type":"post","link":"https:\/\/www.zsbystrocice.cz\/?p=2944","title":{"rendered":"Vlastiv\u011bdn\u00e9 muzeum Olomouc"},"content":{"rendered":"<p>Ve \u010dtvrtek 8. 10. 2015 pojedou \u017e\u00e1ci Z\u0160 do Vlastiv\u011bdn\u00e9ho muzea v Olomouci. Je pro n\u011b p\u0159ipraven v\u00fdukov\u00fd program Za p\u0159\u00edrodou do muzea, tak\u00e9 se pod\u00edvaj\u00ed na v\u00fdstavu terarijn\u00edch zv\u00ed\u0159at, kter\u00e1 pr\u00e1v\u011b v muzeu prob\u00edh\u00e1. V\u0161ichni \u017e\u00e1ci budou m\u00edt 1. vyu\u010dovac\u00ed hodinu, \u017e\u00e1ci 3. &#8211; 5. ro\u010dn\u00edku budou m\u00edt je\u0161t\u011b 5. hodinu a odpoledn\u00ed vyu\u010dov\u00e1n\u00ed. Vstupn\u00e9 a\u00a0doprava budou hrazeny ze SRP\u0160.<\/p>\n","protected":false},"excerpt":{"rendered":"<p>Ve \u010dtvrtek 8. 10. 2015 pojedou \u017e\u00e1ci Z\u0160 do Vlastiv\u011bdn\u00e9ho muzea v Olomouci. Je pro n\u011b p\u0159ipraven v\u00fdukov\u00fd program Za p\u0159\u00edrodou do muzea, tak\u00e9 se pod\u00edvaj\u00ed na v\u00fdstavu terarijn\u00edch zv\u00ed\u0159at, kter\u00e1 pr\u00e1v\u011b v muzeu prob\u00edh\u00e1. V\u0161ichni \u017e\u00e1ci budou m\u00edt 1. vyu\u010dovac\u00ed hodinu, \u017e\u00e1ci 3. &#8211; 5. ro\u010dn\u00edku budou m\u00edt je\u0161t\u011b [&hellip;]<\/p>\n","protected":false},"author":2,"featured_media":0,"comment_status":"closed","ping_status":"open","sticky":false,"template":"","format":"standard","meta":{"ngg_post_thumbnail":0},"categories":[3,4],"tags":[],"_links":{"self":[{"href":"https:\/\/www.zsbystrocice.cz\/index.php?rest_route=\/wp\/v2\/posts\/2944"}],"collection":[{"href":"https:\/\/www.zsbystrocice.cz\/index.php?rest_route=\/wp\/v2\/posts"}],"about":[{"href":"https:\/\/www.zsbystrocice.cz\/index.php?rest_route=\/wp\/v2\/types\/post"}],"author":[{"embeddable":true,"href":"https:\/\/www.zsbystrocice.cz\/index.php?rest_route=\/wp\/v2\/users\/2"}],"replies":[{"embeddable":true,"href":"https:\/\/www.zsbystrocice.cz\/index.php?rest_route=%2Fwp%2Fv2%2Fcomments&post=2944"}],"version-history":[{"count":2,"href":"https:\/\/www.zsbystrocice.cz\/index.php?rest_route=\/wp\/v2\/posts\/2944\/revisions"}],"predecessor-version":[{"id":2946,"href":"https:\/\/www.zsbystrocice.cz\/index.php?rest_route=\/wp\/v2\/posts\/2944\/revisions\/2946"}],"wp:attachment":[{"href":"https:\/\/www.zsbystrocice.cz\/index.php?rest_route=%2Fwp%2Fv2%2Fmedia&parent=2944"}],"wp:term":[{"taxonomy":"category","embeddable":true,"href":"https:\/\/www.zsbystrocice.cz\/index.php?rest_route=%2Fwp%2Fv2%2Fcategories&post=2944"},{"taxonomy":"post_tag","embeddable":true,"href":"https:\/\/www.zsbystrocice.cz\/index.php?rest_route=%2Fwp%2Fv2%2Ftags&post=2944"}],"curies":[{"name":"wp","href":"https:\/\/api.w.org\/{rel}","templated":true}]}}