{"id":13527,"date":"2024-06-12T09:22:37","date_gmt":"2024-06-12T08:22:37","guid":{"rendered":"http:\/\/www.zsbystrocice.cz\/?p=13527"},"modified":"2024-06-12T09:23:33","modified_gmt":"2024-06-12T08:23:33","slug":"pohar-starostu-atleticke-zavody","status":"publish","type":"post","link":"https:\/\/www.zsbystrocice.cz\/?p=13527","title":{"rendered":"Poh\u00e1r starost\u016f &#8211; atletick\u00e9 z\u00e1vody"},"content":{"rendered":"\n<div class=\"wp-block-file\"><\/div>\n\n\n\n<figure class=\"wp-block-image size-large is-resized\"><a href=\"https:\/\/www.zsbystrocice.cz\/wp-content\/uploads\/2024\/06\/IMG_20240529_090516-1-scaled.jpg\"><img loading=\"lazy\" src=\"https:\/\/www.zsbystrocice.cz\/wp-content\/uploads\/2024\/06\/IMG_20240529_090516-1-1024x766.jpg\" alt=\"\" class=\"wp-image-13529\" width=\"466\" height=\"348\" srcset=\"https:\/\/www.zsbystrocice.cz\/wp-content\/uploads\/2024\/06\/IMG_20240529_090516-1-1024x766.jpg 1024w, https:\/\/www.zsbystrocice.cz\/wp-content\/uploads\/2024\/06\/IMG_20240529_090516-1-300x224.jpg 300w, https:\/\/www.zsbystrocice.cz\/wp-content\/uploads\/2024\/06\/IMG_20240529_090516-1-768x575.jpg 768w, https:\/\/www.zsbystrocice.cz\/wp-content\/uploads\/2024\/06\/IMG_20240529_090516-1-1536x1149.jpg 1536w, https:\/\/www.zsbystrocice.cz\/wp-content\/uploads\/2024\/06\/IMG_20240529_090516-1-2048x1532.jpg 2048w\" sizes=\"(max-width: 466px) 100vw, 466px\" \/><\/a><figcaption>Ve st\u0159edu 29. 5. 2024 se na\u0161i \u017e\u00e1ci \u00fa\u010dastnili atletick\u00fdch z\u00e1vod\u016f konan\u00fdch ve Hn\u011bvot\u00edn\u011b. \u017d\u00e1ci byli rozd\u011bleni do n\u011bkolika kategori\u00ed dle t\u0159\u00edd, kter\u00e9 nav\u0161t\u011bvuj\u00ed. V nejmlad\u0161\u00ed kategorii (1. t\u0159\u00edda) m\u011bli na\u0161i z\u00e1stupci opravdu t\u011b\u017ekou \u00falohu. I p\u0159es ve\u0161ker\u00e9 \u00fasil\u00ed se jim nepoda\u0159ilo p\u0159ed\u010dit sv\u00e9 soupe\u0159e v b\u011bhu na 45 metr\u016f ani ve skoku z m\u00edsta \u010di hodu dalek\u00e9m. Vyzdvihnout mus\u00edme p\u0159edev\u0161\u00edm Vincenta Lan\u011b z 1. t\u0159\u00eddy, kter\u00fd i p\u0159esto\u017ee zakopl b\u011bhem vytrvalostn\u00edho b\u011bhu na 400 metr\u016f, dob\u011bhl na kr\u00e1sn\u00e9m 10. m\u00edst\u011b ze 40 \u017e\u00e1k\u016f. Nejl\u00e9pe se n\u00e1m da\u0159ilo ve t\u0159et\u00ed kategorii (4. a 5. ro\u010dn\u00edk). B\u011bhem cel\u00e9ho dne p\u0159edv\u00e1d\u011bly d\u011bti sympatick\u00e9 v\u00fdkony, av\u0161ak na p\u0159edn\u00ed p\u0159\u00ed\u010dky to nesta\u010dilo. Obsadily kr\u00e1sn\u00e9 5. m\u00edsto. Adam Dan\u011bk dos\u00e1hl ve vytrvalostn\u00edm b\u011bhu na 6. m\u00edsto, t\u011bsn\u011b za n\u00edm dob\u011bhla Elena Kraj\u00ed\u010dkov\u00e1 na 11. m\u00edst\u011b op\u011bt ze 40 \u017e\u00e1k\u016f.\u00a0<br>P\u0159esto\u017ee se na\u0161im \u017e\u00e1k\u016fm nepoda\u0159ilo z\u00edskat medailov\u00e1 um\u00edst\u011bn\u00ed, v\u0161ichni bojovali se ct\u00ed a\u017e do konce a z\u00edskali cenn\u00e9 zku\u0161enosti do dal\u0161\u00edch z\u00e1vod\u016f. Gratulujeme v\u00edt\u011bz\u016fm a douf\u00e1me, \u017ee p\u0159\u00ed\u0161t\u011b se n\u00e1m povede je\u0161t\u011b l\u00e9pe.\u00a0( K. Trune\u010dkov\u00e1 )<\/figcaption><\/figure>\n\n\n\n<p><\/p>\n","protected":false},"excerpt":{"rendered":"","protected":false},"author":2,"featured_media":0,"comment_status":"closed","ping_status":"open","sticky":false,"template":"","format":"standard","meta":{"ngg_post_thumbnail":0},"categories":[3,4],"tags":[],"_links":{"self":[{"href":"https:\/\/www.zsbystrocice.cz\/index.php?rest_route=\/wp\/v2\/posts\/13527"}],"collection":[{"href":"https:\/\/www.zsbystrocice.cz\/index.php?rest_route=\/wp\/v2\/posts"}],"about":[{"href":"https:\/\/www.zsbystrocice.cz\/index.php?rest_route=\/wp\/v2\/types\/post"}],"author":[{"embeddable":true,"href":"https:\/\/www.zsbystrocice.cz\/index.php?rest_route=\/wp\/v2\/users\/2"}],"replies":[{"embeddable":true,"href":"https:\/\/www.zsbystrocice.cz\/index.php?rest_route=%2Fwp%2Fv2%2Fcomments&post=13527"}],"version-history":[{"count":2,"href":"https:\/\/www.zsbystrocice.cz\/index.php?rest_route=\/wp\/v2\/posts\/13527\/revisions"}],"predecessor-version":[{"id":13531,"href":"https:\/\/www.zsbystrocice.cz\/index.php?rest_route=\/wp\/v2\/posts\/13527\/revisions\/13531"}],"wp:attachment":[{"href":"https:\/\/www.zsbystrocice.cz\/index.php?rest_route=%2Fwp%2Fv2%2Fmedia&parent=13527"}],"wp:term":[{"taxonomy":"category","embeddable":true,"href":"https:\/\/www.zsbystrocice.cz\/index.php?rest_route=%2Fwp%2Fv2%2Fcategories&post=13527"},{"taxonomy":"post_tag","embeddable":true,"href":"https:\/\/www.zsbystrocice.cz\/index.php?rest_route=%2Fwp%2Fv2%2Ftags&post=13527"}],"curies":[{"name":"wp","href":"https:\/\/api.w.org\/{rel}","templated":true}]}}