{"id":13414,"date":"2024-04-03T08:36:18","date_gmt":"2024-04-03T07:36:18","guid":{"rendered":"http:\/\/www.zsbystrocice.cz\/?p=13414"},"modified":"2024-04-03T08:36:20","modified_gmt":"2024-04-03T07:36:20","slug":"den-naruby-v-zs","status":"publish","type":"post","link":"https:\/\/www.zsbystrocice.cz\/?p=13414","title":{"rendered":"Den naruby v Z\u0160"},"content":{"rendered":"\n<p>Dne 27.3.2024 se na na\u0161\u00ed \u0161kole konal Den naruby. A co takov\u00fd Den naruby znamen\u00e1? D\u011bti si vyzkou\u0161ely pr\u00e1ci u\u010ditel\u016f, vyu\u010dovaly ve\u0161ker\u00e9 p\u0159edm\u011bty &#8211; \u010desk\u00fd jazyk, matematiku, anglick\u00fd jazyk, v\u00fdtvarnou v\u00fdchovu a neb\u00e1ly se ani vlastiv\u011bdy. P\u0159ipravily si n\u011bkolik aktivit &#8211; hran\u00ed didaktick\u00fdch her, r\u00fdsov\u00e1n\u00ed velikono\u010dn\u00edho vaj\u00ed\u010dka v geometrii a n\u011bkter\u00e9 si \u0161kodolib\u011b p\u0159ichystaly p\u00edsemku, kterou n\u00e1sledn\u011b ohodnotily. Tento den jsme si n\u00e1ramn\u011b u\u017eili. Vzdali jsme tak\u00e9 poctu v\u0161em u\u010ditel\u016fm, kte\u0159\u00ed n\u00e1sleduj\u00edc\u00edho dne slavili sv\u00e1tek. 28.b\u0159ezna se toti\u017e narodil u\u010ditel n\u00e1rod\u016f\u00a0<a rel=\"noreferrer noopener\" href=\"http:\/\/j.a.xn--komensk-12a\/\" target=\"_blank\">J.A.Komensk\u00fd<\/a>.\u00a0<\/p>\n\n\n\n<figure class=\"wp-block-image size-large is-resized\"><a href=\"https:\/\/www.zsbystrocice.cz\/wp-content\/uploads\/2024\/04\/IMG_20240327_110102-scaled.jpg\"><img loading=\"lazy\" src=\"https:\/\/www.zsbystrocice.cz\/wp-content\/uploads\/2024\/04\/IMG_20240327_110102-766x1024.jpg\" alt=\"\" class=\"wp-image-13415\" width=\"339\" height=\"453\" srcset=\"https:\/\/www.zsbystrocice.cz\/wp-content\/uploads\/2024\/04\/IMG_20240327_110102-766x1024.jpg 766w, https:\/\/www.zsbystrocice.cz\/wp-content\/uploads\/2024\/04\/IMG_20240327_110102-224x300.jpg 224w, https:\/\/www.zsbystrocice.cz\/wp-content\/uploads\/2024\/04\/IMG_20240327_110102-768x1026.jpg 768w, https:\/\/www.zsbystrocice.cz\/wp-content\/uploads\/2024\/04\/IMG_20240327_110102-1149x1536.jpg 1149w, https:\/\/www.zsbystrocice.cz\/wp-content\/uploads\/2024\/04\/IMG_20240327_110102-1532x2048.jpg 1532w, https:\/\/www.zsbystrocice.cz\/wp-content\/uploads\/2024\/04\/IMG_20240327_110102-scaled.jpg 1916w\" sizes=\"(max-width: 339px) 100vw, 339px\" \/><\/a><\/figure>\n\n\n\n<figure class=\"wp-block-image size-large is-resized\"><a href=\"https:\/\/www.zsbystrocice.cz\/wp-content\/uploads\/2024\/04\/IMG_20240327_112216-scaled.jpg\"><img loading=\"lazy\" src=\"https:\/\/www.zsbystrocice.cz\/wp-content\/uploads\/2024\/04\/IMG_20240327_112216-1024x766.jpg\" alt=\"\" class=\"wp-image-13416\" width=\"436\" height=\"326\" srcset=\"https:\/\/www.zsbystrocice.cz\/wp-content\/uploads\/2024\/04\/IMG_20240327_112216-1024x766.jpg 1024w, https:\/\/www.zsbystrocice.cz\/wp-content\/uploads\/2024\/04\/IMG_20240327_112216-300x224.jpg 300w, https:\/\/www.zsbystrocice.cz\/wp-content\/uploads\/2024\/04\/IMG_20240327_112216-768x575.jpg 768w, https:\/\/www.zsbystrocice.cz\/wp-content\/uploads\/2024\/04\/IMG_20240327_112216-1536x1149.jpg 1536w, https:\/\/www.zsbystrocice.cz\/wp-content\/uploads\/2024\/04\/IMG_20240327_112216-2048x1532.jpg 2048w\" sizes=\"(max-width: 436px) 100vw, 436px\" \/><\/a><\/figure>\n\n\n\n<figure class=\"wp-block-image size-large is-resized\"><a href=\"https:\/\/www.zsbystrocice.cz\/wp-content\/uploads\/2024\/04\/IMG_20240327_110447-scaled.jpg\"><img loading=\"lazy\" src=\"https:\/\/www.zsbystrocice.cz\/wp-content\/uploads\/2024\/04\/IMG_20240327_110447-1024x766.jpg\" alt=\"\" class=\"wp-image-13417\" width=\"440\" height=\"329\" srcset=\"https:\/\/www.zsbystrocice.cz\/wp-content\/uploads\/2024\/04\/IMG_20240327_110447-1024x766.jpg 1024w, https:\/\/www.zsbystrocice.cz\/wp-content\/uploads\/2024\/04\/IMG_20240327_110447-300x224.jpg 300w, https:\/\/www.zsbystrocice.cz\/wp-content\/uploads\/2024\/04\/IMG_20240327_110447-768x575.jpg 768w, https:\/\/www.zsbystrocice.cz\/wp-content\/uploads\/2024\/04\/IMG_20240327_110447-1536x1149.jpg 1536w, https:\/\/www.zsbystrocice.cz\/wp-content\/uploads\/2024\/04\/IMG_20240327_110447-2048x1532.jpg 2048w\" sizes=\"(max-width: 440px) 100vw, 440px\" \/><\/a><\/figure>\n","protected":false},"excerpt":{"rendered":"<p>Dne 27.3.2024 se na na\u0161\u00ed \u0161kole konal Den naruby. A co takov\u00fd Den naruby znamen\u00e1? D\u011bti si vyzkou\u0161ely pr\u00e1ci u\u010ditel\u016f, vyu\u010dovaly ve\u0161ker\u00e9 p\u0159edm\u011bty &#8211; \u010desk\u00fd jazyk, matematiku, anglick\u00fd jazyk, v\u00fdtvarnou v\u00fdchovu a neb\u00e1ly se ani vlastiv\u011bdy. P\u0159ipravily si n\u011bkolik aktivit &#8211; hran\u00ed didaktick\u00fdch her, r\u00fdsov\u00e1n\u00ed velikono\u010dn\u00edho vaj\u00ed\u010dka v geometrii a [&hellip;]<\/p>\n","protected":false},"author":2,"featured_media":0,"comment_status":"closed","ping_status":"open","sticky":false,"template":"","format":"standard","meta":{"ngg_post_thumbnail":0},"categories":[3,4],"tags":[],"_links":{"self":[{"href":"https:\/\/www.zsbystrocice.cz\/index.php?rest_route=\/wp\/v2\/posts\/13414"}],"collection":[{"href":"https:\/\/www.zsbystrocice.cz\/index.php?rest_route=\/wp\/v2\/posts"}],"about":[{"href":"https:\/\/www.zsbystrocice.cz\/index.php?rest_route=\/wp\/v2\/types\/post"}],"author":[{"embeddable":true,"href":"https:\/\/www.zsbystrocice.cz\/index.php?rest_route=\/wp\/v2\/users\/2"}],"replies":[{"embeddable":true,"href":"https:\/\/www.zsbystrocice.cz\/index.php?rest_route=%2Fwp%2Fv2%2Fcomments&post=13414"}],"version-history":[{"count":1,"href":"https:\/\/www.zsbystrocice.cz\/index.php?rest_route=\/wp\/v2\/posts\/13414\/revisions"}],"predecessor-version":[{"id":13418,"href":"https:\/\/www.zsbystrocice.cz\/index.php?rest_route=\/wp\/v2\/posts\/13414\/revisions\/13418"}],"wp:attachment":[{"href":"https:\/\/www.zsbystrocice.cz\/index.php?rest_route=%2Fwp%2Fv2%2Fmedia&parent=13414"}],"wp:term":[{"taxonomy":"category","embeddable":true,"href":"https:\/\/www.zsbystrocice.cz\/index.php?rest_route=%2Fwp%2Fv2%2Fcategories&post=13414"},{"taxonomy":"post_tag","embeddable":true,"href":"https:\/\/www.zsbystrocice.cz\/index.php?rest_route=%2Fwp%2Fv2%2Ftags&post=13414"}],"curies":[{"name":"wp","href":"https:\/\/api.w.org\/{rel}","templated":true}]}}