{"id":13148,"date":"2024-01-30T13:34:33","date_gmt":"2024-01-30T12:34:33","guid":{"rendered":"http:\/\/www.zsbystrocice.cz\/?p=13148"},"modified":"2024-01-30T13:34:35","modified_gmt":"2024-01-30T12:34:35","slug":"informace-k-2-pololeti-sk-roku-2023-2024","status":"publish","type":"post","link":"https:\/\/www.zsbystrocice.cz\/?p=13148","title":{"rendered":"Informace k 2. pololet\u00ed \u0161k. roku 2023\/2024"},"content":{"rendered":"\n<p>Od 1. 2. 2024 bude v Z\u0160 platit nov\u00fd rozvrh hodin z d\u016fvodu ukon\u010den\u00ed plaveck\u00e9ho v\u00fdcviku. <\/p>\n\n\n\n<p>\u017d\u00e1ci 4. ro\u010dn\u00edku Z\u0160 budou m\u00edt novou t\u0159\u00eddn\u00ed u\u010ditelku Mgr. Karin Trune\u010dkovou.<\/p>\n\n\n\n<p>Z d\u016fvodu n\u00edzk\u00e9ho po\u010dtu p\u0159ihl\u00e1\u0161en\u00fdch d\u011bt\u00ed nebude \u0161koln\u00ed dru\u017eina o pololetn\u00edch pr\u00e1zdnin\u00e1ch  ( 2. 2. 2024 ) v provozu. <\/p>\n\n\n\n<p>Od 1. 2. 2024 doch\u00e1z\u00ed ke zm\u011bn\u011b v organizaci \u0161koln\u00ed dru\u017einy. Odpoledn\u00ed provoz bude prodlou\u017een do 16:40 hod. <\/p>\n\n\n\n<p>Rann\u00ed dru\u017eina: 6:30 &#8211; 7:40 &#8211; Mgr. Milena Weidingerov\u00e1<\/p>\n\n\n\n<p>Odpoledn\u00ed dru\u017eina: 11:40 &#8211; 16:40 &#8211; Bc. Lenka Cigrov\u00e1<\/p>\n\n\n\n<p>Krou\u017eky v r\u00e1mci \u0160D budou pro 2. pololet\u00ed zah\u00e1jeny v pond\u011bl\u00ed 12. 2. 2024. V p\u0159\u00edpad\u011b z\u00e1jmu o n\u00ed\u017ee nab\u00edzen\u00e9 krou\u017eky vypln\u00edte p\u0159ihl\u00e1\u0161ku, kterou \u017e\u00e1ci obdr\u017eeli od sv\u00fdch t\u0159\u00eddn\u00edch u\u010ditel\u016f nebo se domluv\u00edte s pan\u00ed vychovatelkou L. Cigrovou, kter\u00e1 v\u0161echny krou\u017eky povede.<\/p>\n\n\n\n<p>Krou\u017eky \u0160D v 2. pololet\u00ed<\/p>\n\n\n\n<p>Pond\u011bl\u00ed 15:00 &#8211; 16:00 V\u00ddTVARN\u00dd KROU\u017dEK<\/p>\n\n\n\n<p>St\u0159eda 15:00 &#8211; 16:00   DRAMATICK\u00dd KROU\u017dEK<\/p>\n\n\n\n<p>\u010ctvrtek 15:00 &#8211; 16:00 SPORTOVN\u00cd KROU\u017dEK<\/p>\n\n\n\n<p><\/p>\n\n\n\n<p>Krou\u017eky \u0161koln\u00ed dru\u017einy pod veden\u00edm E. Jank\u016f nebudou v 2. pololet\u00ed prob\u00edhat. <\/p>\n","protected":false},"excerpt":{"rendered":"<p>Od 1. 2. 2024 bude v Z\u0160 platit nov\u00fd rozvrh hodin z d\u016fvodu ukon\u010den\u00ed plaveck\u00e9ho v\u00fdcviku. \u017d\u00e1ci 4. ro\u010dn\u00edku Z\u0160 budou m\u00edt novou t\u0159\u00eddn\u00ed u\u010ditelku Mgr. Karin Trune\u010dkovou. Z d\u016fvodu n\u00edzk\u00e9ho po\u010dtu p\u0159ihl\u00e1\u0161en\u00fdch d\u011bt\u00ed nebude \u0161koln\u00ed dru\u017eina o pololetn\u00edch pr\u00e1zdnin\u00e1ch ( 2. 2. 2024 ) v provozu. Od 1. 2. [&hellip;]<\/p>\n","protected":false},"author":2,"featured_media":0,"comment_status":"closed","ping_status":"open","sticky":false,"template":"","format":"standard","meta":{"ngg_post_thumbnail":0},"categories":[3,6,4],"tags":[],"_links":{"self":[{"href":"https:\/\/www.zsbystrocice.cz\/index.php?rest_route=\/wp\/v2\/posts\/13148"}],"collection":[{"href":"https:\/\/www.zsbystrocice.cz\/index.php?rest_route=\/wp\/v2\/posts"}],"about":[{"href":"https:\/\/www.zsbystrocice.cz\/index.php?rest_route=\/wp\/v2\/types\/post"}],"author":[{"embeddable":true,"href":"https:\/\/www.zsbystrocice.cz\/index.php?rest_route=\/wp\/v2\/users\/2"}],"replies":[{"embeddable":true,"href":"https:\/\/www.zsbystrocice.cz\/index.php?rest_route=%2Fwp%2Fv2%2Fcomments&post=13148"}],"version-history":[{"count":1,"href":"https:\/\/www.zsbystrocice.cz\/index.php?rest_route=\/wp\/v2\/posts\/13148\/revisions"}],"predecessor-version":[{"id":13149,"href":"https:\/\/www.zsbystrocice.cz\/index.php?rest_route=\/wp\/v2\/posts\/13148\/revisions\/13149"}],"wp:attachment":[{"href":"https:\/\/www.zsbystrocice.cz\/index.php?rest_route=%2Fwp%2Fv2%2Fmedia&parent=13148"}],"wp:term":[{"taxonomy":"category","embeddable":true,"href":"https:\/\/www.zsbystrocice.cz\/index.php?rest_route=%2Fwp%2Fv2%2Fcategories&post=13148"},{"taxonomy":"post_tag","embeddable":true,"href":"https:\/\/www.zsbystrocice.cz\/index.php?rest_route=%2Fwp%2Fv2%2Ftags&post=13148"}],"curies":[{"name":"wp","href":"https:\/\/api.w.org\/{rel}","templated":true}]}}