{"id":13093,"date":"2023-11-15T12:57:43","date_gmt":"2023-11-15T11:57:43","guid":{"rendered":"http:\/\/www.zsbystrocice.cz\/?p=13093"},"modified":"2023-11-15T12:58:34","modified_gmt":"2023-11-15T11:58:34","slug":"schuzka-rodicu-predskolaku","status":"publish","type":"post","link":"https:\/\/www.zsbystrocice.cz\/?p=13093","title":{"rendered":"Sch\u016fzka rodi\u010d\u016f p\u0159ed\u0161kol\u00e1k\u016f"},"content":{"rendered":"\n<p>V\u00e1\u017een\u00ed rodi\u010de,<\/p>\n\n\n\n<p><strong>ve \u010dtvrtek 30. 11. 2023 se bude v&nbsp;16.00 hod.<\/strong><strong> konat sch\u016fzka rodi\u010d\u016f p\u0159ed\u0161koln\u00edch d\u011bt\u00ed<\/strong>. &nbsp;<\/p>\n\n\n\n<p>Budou V\u00e1m poskytnuty informace o z\u00e1pisu do 1. ro\u010dn\u00edku a o organizaci vzd\u011bl\u00e1v\u00e1n\u00ed v\u00a0dal\u0161\u00edch letech v Z\u0160 Bystro\u010dice.<\/p>\n\n\n\n<p>&nbsp;Nejprve prob\u011bhne sch\u016fzka s&nbsp;rodi\u010di, d\u011bti mohou v&nbsp;tuto dobu pob\u00fdt ve \u0161kolce. Potom bude mo\u017enost prohl\u00e9dnout si spolu s&nbsp;d\u011btmi prostory Z\u0160, nahl\u00e9dnout do t\u0159\u00edd a vyzkou\u0161et si spole\u010dn\u011b u\u010debn\u00ed pom\u016fcky, kter\u00e9 ve \u0161kole pou\u017e\u00edv\u00e1me.<\/p>\n","protected":false},"excerpt":{"rendered":"<p>V\u00e1\u017een\u00ed rodi\u010de, ve \u010dtvrtek 30. 11. 2023 se bude v&nbsp;16.00 hod. konat sch\u016fzka rodi\u010d\u016f p\u0159ed\u0161koln\u00edch d\u011bt\u00ed. &nbsp; Budou V\u00e1m poskytnuty informace o z\u00e1pisu do 1. ro\u010dn\u00edku a o organizaci vzd\u011bl\u00e1v\u00e1n\u00ed v\u00a0dal\u0161\u00edch letech v Z\u0160 Bystro\u010dice. &nbsp;Nejprve prob\u011bhne sch\u016fzka s&nbsp;rodi\u010di, d\u011bti mohou v&nbsp;tuto dobu pob\u00fdt ve \u0161kolce. Potom bude mo\u017enost prohl\u00e9dnout [&hellip;]<\/p>\n","protected":false},"author":2,"featured_media":0,"comment_status":"closed","ping_status":"open","sticky":false,"template":"","format":"standard","meta":{"ngg_post_thumbnail":0},"categories":[3,5],"tags":[],"_links":{"self":[{"href":"https:\/\/www.zsbystrocice.cz\/index.php?rest_route=\/wp\/v2\/posts\/13093"}],"collection":[{"href":"https:\/\/www.zsbystrocice.cz\/index.php?rest_route=\/wp\/v2\/posts"}],"about":[{"href":"https:\/\/www.zsbystrocice.cz\/index.php?rest_route=\/wp\/v2\/types\/post"}],"author":[{"embeddable":true,"href":"https:\/\/www.zsbystrocice.cz\/index.php?rest_route=\/wp\/v2\/users\/2"}],"replies":[{"embeddable":true,"href":"https:\/\/www.zsbystrocice.cz\/index.php?rest_route=%2Fwp%2Fv2%2Fcomments&post=13093"}],"version-history":[{"count":2,"href":"https:\/\/www.zsbystrocice.cz\/index.php?rest_route=\/wp\/v2\/posts\/13093\/revisions"}],"predecessor-version":[{"id":13095,"href":"https:\/\/www.zsbystrocice.cz\/index.php?rest_route=\/wp\/v2\/posts\/13093\/revisions\/13095"}],"wp:attachment":[{"href":"https:\/\/www.zsbystrocice.cz\/index.php?rest_route=%2Fwp%2Fv2%2Fmedia&parent=13093"}],"wp:term":[{"taxonomy":"category","embeddable":true,"href":"https:\/\/www.zsbystrocice.cz\/index.php?rest_route=%2Fwp%2Fv2%2Fcategories&post=13093"},{"taxonomy":"post_tag","embeddable":true,"href":"https:\/\/www.zsbystrocice.cz\/index.php?rest_route=%2Fwp%2Fv2%2Ftags&post=13093"}],"curies":[{"name":"wp","href":"https:\/\/api.w.org\/{rel}","templated":true}]}}