{"id":13043,"date":"2023-10-13T10:44:28","date_gmt":"2023-10-13T09:44:28","guid":{"rendered":"http:\/\/www.zsbystrocice.cz\/?p=13043"},"modified":"2023-10-13T10:44:30","modified_gmt":"2023-10-13T09:44:30","slug":"v-letosnim-skolnim-roce-pusobi-v-zs-a-ms-bystrocice-specialni-pedagog","status":"publish","type":"post","link":"https:\/\/www.zsbystrocice.cz\/?p=13043","title":{"rendered":"V leto\u0161n\u00edm \u0161koln\u00edm roce p\u016fsob\u00ed v Z\u0160 a M\u0160 Bystro\u010dice speci\u00e1ln\u00ed pedagog"},"content":{"rendered":"\n<p>\u010cinnost \u0161koln\u00edho speci\u00e1ln\u00edho pedagoga ve \u0161kole je samostatn\u00e1 poradensk\u00e1 \u010dinnost, kter\u00e1 nen\u00ed p\u0159\u00edmou sou\u010d\u00e1st\u00ed vzd\u011bl\u00e1vac\u00ed \u010dinnosti \u0161koly. Jedn\u00e1 se o komplexn\u00ed slu\u017ebu \u017e\u00e1k\u016fm, jejich rodi\u010d\u016fm a pedagog\u016fm, kter\u00e1 vych\u00e1z\u00ed ze standardn\u00edch \u010dinnost\u00ed vymezen\u00fdch ve vyhl\u00e1\u0161ce \u010d. 72\/2005 Sb., o poskytov\u00e1n\u00ed poradensk\u00fdch slu\u017eeb ve \u0161kol\u00e1ch a \u0161kolsk\u00fdch poradensk\u00fdch za\u0159\u00edzen\u00edch, ve zn\u011bn\u00ed pozd\u011bj\u0161\u00edch p\u0159edpis\u016f a z koncepce \u0161koln\u00edho poradensk\u00e9ho pracovi\u0161t\u011b \u0161koly.<\/p>\n\n\n\n<p>\u0160koln\u00ed speci\u00e1ln\u00ed pedagog vykon\u00e1v\u00e1 \u010dinnosti zam\u011b\u0159en\u00e9 na odbornou podporu \u017e\u00e1k\u016f se speci\u00e1ln\u00edmi vzd\u011bl\u00e1vac\u00edmi pot\u0159ebami a v\u0161ech ostatn\u00edch \u017e\u00e1k\u016f, kte\u0159\u00ed pot\u0159ebuj\u00ed speci\u00e1ln\u011b pedagogickou podporu a p\u00e9\u010di zalo\u017eenou na kr\u00e1tkodob\u00fdch \u010di dlouhodob\u00fdch podp\u016frn\u00fdch opat\u0159en\u00edch s c\u00edlem minimalizovat jejich dopad na vzd\u011bl\u00e1v\u00e1n\u00ed.<\/p>\n\n\n\n<p>\u010cinnost speci\u00e1ln\u00edho pedagoga spo\u010d\u00edv\u00e1 v:<\/p>\n\n\n\n<p>&#8211; vyhled\u00e1v\u00e1n\u00ed \u017e\u00e1k\u016f se speci\u00e1ln\u00edmi vzd\u011bl\u00e1vac\u00edmi pot\u0159ebami a \u017e\u00e1k\u016f mimo\u0159\u00e1dn\u011b<\/p>\n\n\n\n<p>nadan\u00fdch,<\/p>\n\n\n\n<p>&#8211; poskytnut\u00ed \u00favodn\u00ed poradensk\u00e9 konzultace \u017e\u00e1kovi, kter\u00fd speci\u00e1ln\u00edho<\/p>\n\n\n\n<p>pedagoga s\u00e1m vyhled\u00e1<\/p>\n\n\n\n<p>&#8211; vytv\u00e1\u0159en\u00ed podm\u00ednek k maxim\u00e1ln\u00edmu vyu\u017eit\u00ed potenci\u00e1lu \u017e\u00e1ka,<\/p>\n\n\n\n<p>&#8211; poskytnut\u00ed metodick\u00e9 podpory u\u010ditel\u016fm \u0161koly i rodi\u010d\u016fm \u017e\u00e1k\u016f.<\/p>\n\n\n\n<p>O sv\u00fdch \u010dinnostech vede p\u00edsemnou dokumentaci v souladu s p\u0159edpisy v oblasti ochrany osobn\u00edch \u00fadaj\u016f. V r\u00e1mci metodick\u00e9 pomoci pedagog\u016fm se pod\u00edl\u00ed na vytv\u00e1\u0159en\u00ed podm\u00ednek k maxim\u00e1ln\u00edmu vyu\u017eit\u00ed potenci\u00e1lu d\u00edt\u011bte a ke sn\u00ed\u017een\u00ed \u0161koln\u00ed ne\u00fasp\u011b\u0161nosti. Za t\u00edmto \u00fa\u010delem realizuje konzultace a metodick\u00e1 setk\u00e1n\u00ed s pedagogy, m\u016f\u017ee b\u00fdt t\u00e9\u017e p\u0159\u00edtomen ve vyu\u010dovac\u00edch hodin\u00e1ch.<\/p>\n\n\n\n<p>Ned\u00edlnou sou\u010d\u00e1st\u00ed pr\u00e1ce \u0161koln\u00edho speci\u00e1ln\u00edho pedagoga je i individu\u00e1ln\u00ed podpora konkr\u00e9tn\u00edm \u017e\u00e1k\u016fm, v takov\u00e9m p\u0159\u00edpad\u011b se slu\u017eba realizuje v\u017edy s p\u00edsemn\u00fdm informovan\u00fdm souhlasem z\u00e1konn\u00e9ho z\u00e1stupce.<\/p>\n\n\n\n<p>Speci\u00e1ln\u00edm pedagogem v na\u0161\u00ed \u0161kole je Mgr. Ivana Pol\u00e1kov\u00e1. <\/p>\n\n\n\n<p>O konzultaci se \u0161koln\u00edm speci\u00e1ln\u00edm pedagogem mohou po\u017e\u00e1dat i rodi\u010de. <\/p>\n","protected":false},"excerpt":{"rendered":"<p>\u010cinnost \u0161koln\u00edho speci\u00e1ln\u00edho pedagoga ve \u0161kole je samostatn\u00e1 poradensk\u00e1 \u010dinnost, kter\u00e1 nen\u00ed p\u0159\u00edmou sou\u010d\u00e1st\u00ed vzd\u011bl\u00e1vac\u00ed \u010dinnosti \u0161koly. Jedn\u00e1 se o komplexn\u00ed slu\u017ebu \u017e\u00e1k\u016fm, jejich rodi\u010d\u016fm a pedagog\u016fm, kter\u00e1 vych\u00e1z\u00ed ze standardn\u00edch \u010dinnost\u00ed vymezen\u00fdch ve vyhl\u00e1\u0161ce \u010d. 72\/2005 Sb., o poskytov\u00e1n\u00ed poradensk\u00fdch slu\u017eeb ve \u0161kol\u00e1ch a \u0161kolsk\u00fdch poradensk\u00fdch za\u0159\u00edzen\u00edch, ve zn\u011bn\u00ed [&hellip;]<\/p>\n","protected":false},"author":2,"featured_media":0,"comment_status":"closed","ping_status":"open","sticky":false,"template":"","format":"standard","meta":{"ngg_post_thumbnail":0},"categories":[3,5,6,4],"tags":[],"_links":{"self":[{"href":"https:\/\/www.zsbystrocice.cz\/index.php?rest_route=\/wp\/v2\/posts\/13043"}],"collection":[{"href":"https:\/\/www.zsbystrocice.cz\/index.php?rest_route=\/wp\/v2\/posts"}],"about":[{"href":"https:\/\/www.zsbystrocice.cz\/index.php?rest_route=\/wp\/v2\/types\/post"}],"author":[{"embeddable":true,"href":"https:\/\/www.zsbystrocice.cz\/index.php?rest_route=\/wp\/v2\/users\/2"}],"replies":[{"embeddable":true,"href":"https:\/\/www.zsbystrocice.cz\/index.php?rest_route=%2Fwp%2Fv2%2Fcomments&post=13043"}],"version-history":[{"count":1,"href":"https:\/\/www.zsbystrocice.cz\/index.php?rest_route=\/wp\/v2\/posts\/13043\/revisions"}],"predecessor-version":[{"id":13044,"href":"https:\/\/www.zsbystrocice.cz\/index.php?rest_route=\/wp\/v2\/posts\/13043\/revisions\/13044"}],"wp:attachment":[{"href":"https:\/\/www.zsbystrocice.cz\/index.php?rest_route=%2Fwp%2Fv2%2Fmedia&parent=13043"}],"wp:term":[{"taxonomy":"category","embeddable":true,"href":"https:\/\/www.zsbystrocice.cz\/index.php?rest_route=%2Fwp%2Fv2%2Fcategories&post=13043"},{"taxonomy":"post_tag","embeddable":true,"href":"https:\/\/www.zsbystrocice.cz\/index.php?rest_route=%2Fwp%2Fv2%2Ftags&post=13043"}],"curies":[{"name":"wp","href":"https:\/\/api.w.org\/{rel}","templated":true}]}}