{"id":12767,"date":"2023-06-20T11:06:15","date_gmt":"2023-06-20T10:06:15","guid":{"rendered":"http:\/\/www.zsbystrocice.cz\/?p=12767"},"modified":"2023-06-20T11:12:51","modified_gmt":"2023-06-20T10:12:51","slug":"informace-pro-rodice-k-organizaci-vyuky-na-konci-skolniho-roku","status":"publish","type":"post","link":"https:\/\/www.zsbystrocice.cz\/?p=12767","title":{"rendered":"Informace pro rodi\u010de k organizaci vzd\u011bl\u00e1v\u00e1n\u00ed na konci \u0161koln\u00edho roku"},"content":{"rendered":"\n<p>Do p\u00e1tku <strong>23.6.<\/strong> se bude vyu\u010dovat dle rozvrhu. \u017d\u00e1k\u016fm 3. ro\u010dn\u00edku (<strong>21.6.<\/strong>), 4. a 5. ro\u010dn\u00edku (<strong>22.6.<\/strong>) odpad\u00e1 odpoledn\u00ed vyu\u010dov\u00e1n\u00ed.<\/p>\n\n\n\n<p>V&nbsp;pond\u011bl\u00ed <strong>26.6.<\/strong> se uskute\u010dn\u00ed v\u00fdlet na Kos\u00ed\u0159. Odjezd od \u0161koly <strong>v&nbsp;8:00<\/strong>. <strong>S&nbsp;sebou:<\/strong> sportovn\u00ed obuv a oble\u010den\u00ed, sva\u010dinu a pit\u00ed, pokr\u00fdvku hlavy, pl\u00e1\u0161t\u011bnku a kapesn\u00e9 (na zmrzlinu u z\u00e1mku). Kdo chce, m\u016f\u017ee si vz\u00edt \u0161pek\u00e1\u010dek na ope\u010den\u00ed.<\/p>\n\n\n\n<p>V\u00a0\u00fater\u00fd <strong>27.6. <\/strong>prob\u011bhne turnaj v\u00a0kopan\u00e9 v Kralic\u00edch na Han\u00e9. \u017d\u00e1ci, kte\u0159\u00ed se ho nez\u00fa\u010dastn\u00ed, budou m\u00edt sportovn\u00ed den ve \u0161kole. \u017d\u00e1ci, kte\u0159\u00ed se budou \u00fa\u010dastnit turnaje v\u00a0kopan\u00e9, dostanou samostatn\u00fd l\u00edstek s\u00a0informacemi.<\/p>\n\n\n\n<p>Ve st\u0159edu <strong>28.6.<\/strong> pojedeme na v\u00fdlet do Ostravy \u2013 Velk\u00fd sv\u011bt techniky Ostrava. Vyb\u00edr\u00e1me<br><strong>200,-K\u010d<\/strong>. Odjezd <strong>v&nbsp;8:00<\/strong>. N\u00e1vrat 15:00-16:00. S&nbsp;sebou j\u00eddlo a pit\u00ed na cel\u00fd den, kapesn\u00e9 dle uv\u00e1\u017een\u00ed. Ob\u011bdy odhl\u00e1s\u00ed \u0161kola.<\/p>\n\n\n\n<p><strong>Dopravu na v\u00fdlety hrad\u00ed sponzor \u0161koly. Moc d\u011bkujeme.<\/strong><\/p>\n\n\n\n<p>Ve \u010dtvrtek <strong>29.6. <\/strong>se bude konat sportovn\u00ed den \u2013 d\u011bti p\u0159ijdou do \u0161koly ve sportovn\u00edm oble\u010den\u00ed.<\/p>\n\n\n\n<p>V&nbsp;p\u00e1tek <strong>30.6.<\/strong> \u2013 slavnostn\u00ed p\u0159ed\u00e1n\u00ed vysv\u011bd\u010den\u00ed. <strong>Na slavnostn\u00ed p\u0159ed\u00e1n\u00ed vysv\u011bd\u010den\u00ed srde\u010dn\u011b zveme rodi\u010de \u017e\u00e1k\u016f 5. ro\u010dn\u00edku Z\u0160.<\/strong> Zah\u00e1jen\u00ed bude v&nbsp;8:00 hod. ve \u0161kole.<\/p>\n\n\n\n<p>Bli\u017e\u0161\u00ed informace k&nbsp;posledn\u00edmu \u0161koln\u00edmu dni obdr\u017eeli \u017e\u00e1ci na samostatn\u00e9m listu. Pros\u00edme rodi\u010de o vypln\u011bn\u00ed a navr\u00e1cen\u00ed obratem. &nbsp;&nbsp;&nbsp;&nbsp;&nbsp;&nbsp;&nbsp;&nbsp;&nbsp;&nbsp;&nbsp;&nbsp;&nbsp;&nbsp; <strong>D\u011bkujeme za spolupr\u00e1ci<\/strong><\/p>\n","protected":false},"excerpt":{"rendered":"<p>Do p\u00e1tku 23.6. se bude vyu\u010dovat dle rozvrhu. \u017d\u00e1k\u016fm 3. ro\u010dn\u00edku (21.6.), 4. a 5. ro\u010dn\u00edku (22.6.) odpad\u00e1 odpoledn\u00ed vyu\u010dov\u00e1n\u00ed. V&nbsp;pond\u011bl\u00ed 26.6. se uskute\u010dn\u00ed v\u00fdlet na Kos\u00ed\u0159. Odjezd od \u0161koly v&nbsp;8:00. S&nbsp;sebou: sportovn\u00ed obuv a oble\u010den\u00ed, sva\u010dinu a pit\u00ed, pokr\u00fdvku hlavy, pl\u00e1\u0161t\u011bnku a kapesn\u00e9 (na zmrzlinu u z\u00e1mku). Kdo chce, [&hellip;]<\/p>\n","protected":false},"author":2,"featured_media":0,"comment_status":"closed","ping_status":"open","sticky":false,"template":"","format":"standard","meta":{"ngg_post_thumbnail":0},"categories":[3,6,4],"tags":[],"_links":{"self":[{"href":"https:\/\/www.zsbystrocice.cz\/index.php?rest_route=\/wp\/v2\/posts\/12767"}],"collection":[{"href":"https:\/\/www.zsbystrocice.cz\/index.php?rest_route=\/wp\/v2\/posts"}],"about":[{"href":"https:\/\/www.zsbystrocice.cz\/index.php?rest_route=\/wp\/v2\/types\/post"}],"author":[{"embeddable":true,"href":"https:\/\/www.zsbystrocice.cz\/index.php?rest_route=\/wp\/v2\/users\/2"}],"replies":[{"embeddable":true,"href":"https:\/\/www.zsbystrocice.cz\/index.php?rest_route=%2Fwp%2Fv2%2Fcomments&post=12767"}],"version-history":[{"count":3,"href":"https:\/\/www.zsbystrocice.cz\/index.php?rest_route=\/wp\/v2\/posts\/12767\/revisions"}],"predecessor-version":[{"id":12770,"href":"https:\/\/www.zsbystrocice.cz\/index.php?rest_route=\/wp\/v2\/posts\/12767\/revisions\/12770"}],"wp:attachment":[{"href":"https:\/\/www.zsbystrocice.cz\/index.php?rest_route=%2Fwp%2Fv2%2Fmedia&parent=12767"}],"wp:term":[{"taxonomy":"category","embeddable":true,"href":"https:\/\/www.zsbystrocice.cz\/index.php?rest_route=%2Fwp%2Fv2%2Fcategories&post=12767"},{"taxonomy":"post_tag","embeddable":true,"href":"https:\/\/www.zsbystrocice.cz\/index.php?rest_route=%2Fwp%2Fv2%2Ftags&post=12767"}],"curies":[{"name":"wp","href":"https:\/\/api.w.org\/{rel}","templated":true}]}}