{"id":12752,"date":"2023-05-18T11:05:07","date_gmt":"2023-05-18T10:05:07","guid":{"rendered":"http:\/\/www.zsbystrocice.cz\/?p=12752"},"modified":"2023-05-18T11:05:10","modified_gmt":"2023-05-18T10:05:10","slug":"reditelske-volno-ve-dnech-29-5-2023-31-5-2023","status":"publish","type":"post","link":"https:\/\/www.zsbystrocice.cz\/?p=12752","title":{"rendered":"\u0158editelsk\u00e9 volno ve dnech 29. 5. 2023 &#8211; 31. 5. 2023"},"content":{"rendered":"\n<p>\u0158editelka \u0161koly oznamuje, \u017ee podle \u00a7 24 odst. 2 \u0161kolsk\u00e9ho z\u00e1kona \u010d. 564\/2004 v&nbsp;platn\u00e9m zn\u011bn\u00ed, vyhla\u0161uje se souhlasem z\u0159izovatele v&nbsp;term\u00ednu od 29. 5. 2023 do 31. 5. 2023 \u0159editelsk\u00e9 volno.<\/p>\n\n\n\n<p>\u0158editelsk\u00e9 volno je vyhl\u00e1\u0161eno z&nbsp;d\u016fvodu stavebn\u00edch \u00faprav a v\u00fdm\u011bny n\u00e1bytku v&nbsp;obou t\u0159\u00edd\u00e1ch Z\u0160.<\/p>\n\n\n\n<p>\u0160koln\u00ed dru\u017eina bude pro tyto dny otev\u0159ena od 6:30 do 16:40 hodin.<\/p>\n\n\n\n<p>D\u016fle\u017eit\u00e9 upozorn\u011bn\u00ed pro \u017e\u00e1ky, kte\u0159\u00ed se budou cht\u00edt v&nbsp;tyto dny stravovat ve \u0161koln\u00ed j\u00eddeln\u011b. V&nbsp;tyto dny je t\u0159eba uhradit pln\u00e9 stravn\u00e9 ve v\u00fd\u0161i:<\/p>\n\n\n\n<p>7 \u2013 10 let&nbsp;&nbsp;&nbsp;&nbsp;&nbsp;&nbsp;&nbsp;&nbsp;&nbsp;&nbsp;&nbsp;&nbsp;&nbsp; 64,-K\u010d<\/p>\n\n\n\n<p>11 let a v\u00edce&nbsp;&nbsp;&nbsp;&nbsp;&nbsp;&nbsp;&nbsp;&nbsp;&nbsp; 67,-K\u010d<\/p>\n\n\n\n<p>Pokud m\u00e1te z\u00e1jem o um\u00edst\u011bn\u00ed sv\u00e9ho d\u00edt\u011bte po dobu \u0159editelsk\u00e9ho volna ve \u0161koln\u00ed dru\u017ein\u011b a p\u0159ihl\u00e1\u0161en\u00ed na ob\u011bdy, vypl\u0148te n\u00e1vratku. D\u011bkujeme za spolupr\u00e1ci.<\/p>\n","protected":false},"excerpt":{"rendered":"<p>\u0158editelka \u0161koly oznamuje, \u017ee podle \u00a7 24 odst. 2 \u0161kolsk\u00e9ho z\u00e1kona \u010d. 564\/2004 v&nbsp;platn\u00e9m zn\u011bn\u00ed, vyhla\u0161uje se souhlasem z\u0159izovatele v&nbsp;term\u00ednu od 29. 5. 2023 do 31. 5. 2023 \u0159editelsk\u00e9 volno. \u0158editelsk\u00e9 volno je vyhl\u00e1\u0161eno z&nbsp;d\u016fvodu stavebn\u00edch \u00faprav a v\u00fdm\u011bny n\u00e1bytku v&nbsp;obou t\u0159\u00edd\u00e1ch Z\u0160. \u0160koln\u00ed dru\u017eina bude pro tyto dny otev\u0159ena [&hellip;]<\/p>\n","protected":false},"author":2,"featured_media":0,"comment_status":"closed","ping_status":"open","sticky":false,"template":"","format":"standard","meta":{"ngg_post_thumbnail":0},"categories":[3,6,4],"tags":[],"_links":{"self":[{"href":"https:\/\/www.zsbystrocice.cz\/index.php?rest_route=\/wp\/v2\/posts\/12752"}],"collection":[{"href":"https:\/\/www.zsbystrocice.cz\/index.php?rest_route=\/wp\/v2\/posts"}],"about":[{"href":"https:\/\/www.zsbystrocice.cz\/index.php?rest_route=\/wp\/v2\/types\/post"}],"author":[{"embeddable":true,"href":"https:\/\/www.zsbystrocice.cz\/index.php?rest_route=\/wp\/v2\/users\/2"}],"replies":[{"embeddable":true,"href":"https:\/\/www.zsbystrocice.cz\/index.php?rest_route=%2Fwp%2Fv2%2Fcomments&post=12752"}],"version-history":[{"count":1,"href":"https:\/\/www.zsbystrocice.cz\/index.php?rest_route=\/wp\/v2\/posts\/12752\/revisions"}],"predecessor-version":[{"id":12753,"href":"https:\/\/www.zsbystrocice.cz\/index.php?rest_route=\/wp\/v2\/posts\/12752\/revisions\/12753"}],"wp:attachment":[{"href":"https:\/\/www.zsbystrocice.cz\/index.php?rest_route=%2Fwp%2Fv2%2Fmedia&parent=12752"}],"wp:term":[{"taxonomy":"category","embeddable":true,"href":"https:\/\/www.zsbystrocice.cz\/index.php?rest_route=%2Fwp%2Fv2%2Fcategories&post=12752"},{"taxonomy":"post_tag","embeddable":true,"href":"https:\/\/www.zsbystrocice.cz\/index.php?rest_route=%2Fwp%2Fv2%2Ftags&post=12752"}],"curies":[{"name":"wp","href":"https:\/\/api.w.org\/{rel}","templated":true}]}}