{"id":12609,"date":"2023-03-08T10:19:44","date_gmt":"2023-03-08T09:19:44","guid":{"rendered":"http:\/\/www.zsbystrocice.cz\/?p=12609"},"modified":"2023-03-08T10:19:46","modified_gmt":"2023-03-08T09:19:46","slug":"strom-pohadek","status":"publish","type":"post","link":"https:\/\/www.zsbystrocice.cz\/?p=12609","title":{"rendered":"Strom poh\u00e1dek"},"content":{"rendered":"\n<p><\/p>\n\n\n\n<p><em>V\u00e1\u017een\u00ed rodi\u010de, mil\u00e9 d\u011bti \u0161koln\u00edho v\u011bku,<\/em><\/p>\n\n\n\n<p><em>b\u0159ezen \u2013 jak je ji\u017e zn\u00e1mo \u2013 je m\u011bs\u00edcem knihy a knihy jsou na\u0161\u00edm dobr\u00fdm kamar\u00e1dem!<\/em><\/p>\n\n\n\n<p><em>Proto vyhla\u0161ujeme v m\u011bs\u00edci b\u0159eznu sout\u011b\u017e o rozkvetl\u00fd strom poh\u00e1dek a p\u0159\u00edb\u011bh\u016f.<\/em><\/p>\n\n\n\n<p><em>Va\u0161\u00edm dom\u00e1c\u00edm \u00fakolem bude s&nbsp;rodi\u010di poh\u00e1dky poslouchat a \u0161koln\u00ed d\u011bti \u010d\u00edst.<\/em><\/p>\n\n\n\n<p><em>&nbsp;Po\u010d\u00edtat se budou i knihy p\u0159e\u010dten\u00e9 ve \u0161koln\u00ed dru\u017ein\u011b, v&nbsp;klubu \u010dten\u00e1\u0159\u016f nebo v&nbsp;mate\u0159sk\u00e9 \u0161kole p\u0159ed span\u00edm.<\/em><\/p>\n\n\n\n<p><em>Po p\u0159e\u010dten\u00ed poh\u00e1dky \u010di knihy NA P\u0158IPRAVEN\u00c9 L\u00cdSTE\u010cKY NAPI\u0160TE n\u00e1zev poh\u00e1dky \u010di knihy + autora a P\u0158ILEPTE NA STROM.<\/em><\/p>\n\n\n\n<p><em>P\u0159ejeme v\u00e1m p\u0159\u00edjemn\u011b str\u00e1ven\u00fd \u010das s&nbsp;knihou a v\u011b\u0159\u00edme, \u017ee n\u00e1m strom do jara rozkvete!<\/em><\/p>\n","protected":false},"excerpt":{"rendered":"<p>V\u00e1\u017een\u00ed rodi\u010de, mil\u00e9 d\u011bti \u0161koln\u00edho v\u011bku, b\u0159ezen \u2013 jak je ji\u017e zn\u00e1mo \u2013 je m\u011bs\u00edcem knihy a knihy jsou na\u0161\u00edm dobr\u00fdm kamar\u00e1dem! Proto vyhla\u0161ujeme v m\u011bs\u00edci b\u0159eznu sout\u011b\u017e o rozkvetl\u00fd strom poh\u00e1dek a p\u0159\u00edb\u011bh\u016f. Va\u0161\u00edm dom\u00e1c\u00edm \u00fakolem bude s&nbsp;rodi\u010di poh\u00e1dky poslouchat a \u0161koln\u00ed d\u011bti \u010d\u00edst. &nbsp;Po\u010d\u00edtat se budou i knihy [&hellip;]<\/p>\n","protected":false},"author":2,"featured_media":0,"comment_status":"closed","ping_status":"open","sticky":false,"template":"","format":"standard","meta":{"ngg_post_thumbnail":0},"categories":[3,5,6,4],"tags":[],"_links":{"self":[{"href":"https:\/\/www.zsbystrocice.cz\/index.php?rest_route=\/wp\/v2\/posts\/12609"}],"collection":[{"href":"https:\/\/www.zsbystrocice.cz\/index.php?rest_route=\/wp\/v2\/posts"}],"about":[{"href":"https:\/\/www.zsbystrocice.cz\/index.php?rest_route=\/wp\/v2\/types\/post"}],"author":[{"embeddable":true,"href":"https:\/\/www.zsbystrocice.cz\/index.php?rest_route=\/wp\/v2\/users\/2"}],"replies":[{"embeddable":true,"href":"https:\/\/www.zsbystrocice.cz\/index.php?rest_route=%2Fwp%2Fv2%2Fcomments&post=12609"}],"version-history":[{"count":1,"href":"https:\/\/www.zsbystrocice.cz\/index.php?rest_route=\/wp\/v2\/posts\/12609\/revisions"}],"predecessor-version":[{"id":12610,"href":"https:\/\/www.zsbystrocice.cz\/index.php?rest_route=\/wp\/v2\/posts\/12609\/revisions\/12610"}],"wp:attachment":[{"href":"https:\/\/www.zsbystrocice.cz\/index.php?rest_route=%2Fwp%2Fv2%2Fmedia&parent=12609"}],"wp:term":[{"taxonomy":"category","embeddable":true,"href":"https:\/\/www.zsbystrocice.cz\/index.php?rest_route=%2Fwp%2Fv2%2Fcategories&post=12609"},{"taxonomy":"post_tag","embeddable":true,"href":"https:\/\/www.zsbystrocice.cz\/index.php?rest_route=%2Fwp%2Fv2%2Ftags&post=12609"}],"curies":[{"name":"wp","href":"https:\/\/api.w.org\/{rel}","templated":true}]}}