{"id":12307,"date":"2022-05-11T09:34:51","date_gmt":"2022-05-11T08:34:51","guid":{"rendered":"http:\/\/www.zsbystrocice.cz\/?p=12307"},"modified":"2022-05-11T09:34:54","modified_gmt":"2022-05-11T08:34:54","slug":"udalo-se-v-ms","status":"publish","type":"post","link":"https:\/\/www.zsbystrocice.cz\/?p=12307","title":{"rendered":"Ud\u00e1lo se v M\u0160"},"content":{"rendered":"\n<p><\/p>\n\n\n\n<p><\/p>\n\n\n\n<p><strong>DEN MAMINEK<\/strong><\/p>\n\n\n\n<p>Prvn\u00ed ned\u011ble v kv\u011btnu ji\u017e tradi\u010dn\u011b pat\u0159\u00ed v\u0161em mamink\u00e1m.<br>Pan\u00ed u\u010ditelky v M\u0160 i v Z\u0160 pomohly d\u011btem vyrobit kr\u00e1sn\u00fd origin\u00e1ln\u00ed d\u00e1rek pro maminku.<br>D\u011bti z M\u0160 spole\u010dn\u011b p\u0159ednesly i zazp\u00edvaly kr\u00e1tkou b\u00e1sni\u010dku a p\u00edsni\u010dku , kter\u00e1 p\u0159il\u00e9tla mamink\u00e1m do emailov\u00fdch schr\u00e1nek.<\/p>\n\n\n\n<p><strong>DEN ZEM\u011a<\/strong><br>Dne 22. dubna 2022 jsme spole\u010dn\u011b oslavili sv\u00e1tek Dne Zem\u011b.Pro d\u011bti ze z\u00e1kladn\u00ed \u0161koly i pro d\u011bti z mate\u0159sk\u00e9 \u0161koly byly p\u0159ipraven\u00e9 \u00fakoly a kv\u00edzy, kter\u00e9 byly um\u00edst\u011bny na zahr\u00e1dce p\u0159ed \u0161kolou. D\u011bti m\u011bly mo\u017enost z \u00fakol\u016f se p\u0159iu\u010dit i dozv\u011bd\u011bt n\u011bco v\u00edce. Na z\u00e1v\u011br stezky m\u011bly d\u011bti vymyslet a vyslovit jedno p\u0159\u00e1n\u00ed na\u0161\u00ed Zemi.\u00a0<\/p>\n\n\n\n<p><br><strong>\u010cAROD\u011aJNICE<\/strong><br>V p\u00e1tek 29. dubna 2022 prob\u011bhlo &#8222;P\u00e1len\u00ed \u010carod\u011bjnic&#8220;, kter\u00e9 po\u0159\u00e1dala obec Bystro\u010dice.\u00a0Akce se uskute\u010dnila venku v prostoru sokolovny. D\u011bti z mate\u0159sk\u00e9 \u0161koly, ze t\u0159\u00eddy Medv\u00eddk\u016f i Ko\u0165\u00e1tek, p\u0159isp\u011bly sv\u00fdm tane\u010dn\u00edm vystoupen\u00edm.Akce se vyda\u0159ila ke spokojenosti mal\u00fdch i velk\u00fdch.<\/p>\n\n\n\n<blockquote class=\"wp-block-quote\"><p><\/p><\/blockquote>\n","protected":false},"excerpt":{"rendered":"<p>DEN MAMINEK Prvn\u00ed ned\u011ble v kv\u011btnu ji\u017e tradi\u010dn\u011b pat\u0159\u00ed v\u0161em mamink\u00e1m.Pan\u00ed u\u010ditelky v M\u0160 i v Z\u0160 pomohly d\u011btem vyrobit kr\u00e1sn\u00fd origin\u00e1ln\u00ed d\u00e1rek pro maminku.D\u011bti z M\u0160 spole\u010dn\u011b p\u0159ednesly i zazp\u00edvaly kr\u00e1tkou b\u00e1sni\u010dku a p\u00edsni\u010dku , kter\u00e1 p\u0159il\u00e9tla mamink\u00e1m do emailov\u00fdch schr\u00e1nek. DEN ZEM\u011aDne 22. dubna 2022 jsme spole\u010dn\u011b oslavili [&hellip;]<\/p>\n","protected":false},"author":2,"featured_media":0,"comment_status":"closed","ping_status":"open","sticky":false,"template":"","format":"standard","meta":{"ngg_post_thumbnail":0},"categories":[3,5],"tags":[],"_links":{"self":[{"href":"https:\/\/www.zsbystrocice.cz\/index.php?rest_route=\/wp\/v2\/posts\/12307"}],"collection":[{"href":"https:\/\/www.zsbystrocice.cz\/index.php?rest_route=\/wp\/v2\/posts"}],"about":[{"href":"https:\/\/www.zsbystrocice.cz\/index.php?rest_route=\/wp\/v2\/types\/post"}],"author":[{"embeddable":true,"href":"https:\/\/www.zsbystrocice.cz\/index.php?rest_route=\/wp\/v2\/users\/2"}],"replies":[{"embeddable":true,"href":"https:\/\/www.zsbystrocice.cz\/index.php?rest_route=%2Fwp%2Fv2%2Fcomments&post=12307"}],"version-history":[{"count":1,"href":"https:\/\/www.zsbystrocice.cz\/index.php?rest_route=\/wp\/v2\/posts\/12307\/revisions"}],"predecessor-version":[{"id":12308,"href":"https:\/\/www.zsbystrocice.cz\/index.php?rest_route=\/wp\/v2\/posts\/12307\/revisions\/12308"}],"wp:attachment":[{"href":"https:\/\/www.zsbystrocice.cz\/index.php?rest_route=%2Fwp%2Fv2%2Fmedia&parent=12307"}],"wp:term":[{"taxonomy":"category","embeddable":true,"href":"https:\/\/www.zsbystrocice.cz\/index.php?rest_route=%2Fwp%2Fv2%2Fcategories&post=12307"},{"taxonomy":"post_tag","embeddable":true,"href":"https:\/\/www.zsbystrocice.cz\/index.php?rest_route=%2Fwp%2Fv2%2Ftags&post=12307"}],"curies":[{"name":"wp","href":"https:\/\/api.w.org\/{rel}","templated":true}]}}