{"id":11745,"date":"2022-01-19T11:06:25","date_gmt":"2022-01-19T10:06:25","guid":{"rendered":"http:\/\/www.zsbystrocice.cz\/?p=11745"},"modified":"2022-01-19T11:06:25","modified_gmt":"2022-01-19T10:06:25","slug":"informace-pro-rodice-5","status":"publish","type":"post","link":"https:\/\/www.zsbystrocice.cz\/?p=11745","title":{"rendered":"Informace pro rodi\u010de"},"content":{"rendered":"<p>V\u00e1\u017een\u00ed rodi\u010de,<\/p>\n<p>od 1. \u00fanora 2022 odch\u00e1z\u00ed na mate\u0159skou dovolenou pan\u00ed u\u010ditelka \u00a0Mgr. Kamila Greplov\u00e1 Kysel\u00e1, proto nastane men\u0161\u00ed zm\u011bna v\u00a0rozvrhu hodin. P\u0159edm\u011bty, kter\u00e9 u\u010dila pan\u00ed u\u010ditelka Greplov\u00e1, bude vyu\u010dovat do 30. 6. 2022 pan\u00ed u\u010ditelka Mgr. Miloslava Mr\u00e1zkov\u00e1. Informatiku a AJ pro 3. ro\u010dn\u00edk bude vyu\u010dovat pan\u00ed u\u010ditelka Mgr. Eva Chmela\u0159ov\u00e1. Nov\u00fd rozvrh hodin dostanou \u017e\u00e1ci v\u00a0p\u0159\u00ed\u0161t\u00edm t\u00fddnu a bude zve\u0159ejn\u011bn na na\u0161ich str\u00e1nk\u00e1ch.<\/p>\n<p>Plaveck\u00fd v\u00fdcvik bude p\u0159esunut na p\u0159\u00ed\u0161t\u00ed \u0161koln\u00ed rok. Pro \u017e\u00e1ky na\u0161\u00ed \u0161koly je objedn\u00e1n od z\u00e1\u0159\u00ed.<\/p>\n","protected":false},"excerpt":{"rendered":"<p>V\u00e1\u017een\u00ed rodi\u010de, od 1. \u00fanora 2022 odch\u00e1z\u00ed na mate\u0159skou dovolenou pan\u00ed u\u010ditelka \u00a0Mgr. Kamila Greplov\u00e1 Kysel\u00e1, proto nastane men\u0161\u00ed zm\u011bna v\u00a0rozvrhu hodin. P\u0159edm\u011bty, kter\u00e9 u\u010dila pan\u00ed u\u010ditelka Greplov\u00e1, bude vyu\u010dovat do 30. 6. 2022 pan\u00ed u\u010ditelka Mgr. Miloslava Mr\u00e1zkov\u00e1. Informatiku a AJ pro 3. ro\u010dn\u00edk bude vyu\u010dovat pan\u00ed u\u010ditelka Mgr. [&hellip;]<\/p>\n","protected":false},"author":2,"featured_media":0,"comment_status":"closed","ping_status":"open","sticky":false,"template":"","format":"standard","meta":{"ngg_post_thumbnail":0},"categories":[3,4],"tags":[],"_links":{"self":[{"href":"https:\/\/www.zsbystrocice.cz\/index.php?rest_route=\/wp\/v2\/posts\/11745"}],"collection":[{"href":"https:\/\/www.zsbystrocice.cz\/index.php?rest_route=\/wp\/v2\/posts"}],"about":[{"href":"https:\/\/www.zsbystrocice.cz\/index.php?rest_route=\/wp\/v2\/types\/post"}],"author":[{"embeddable":true,"href":"https:\/\/www.zsbystrocice.cz\/index.php?rest_route=\/wp\/v2\/users\/2"}],"replies":[{"embeddable":true,"href":"https:\/\/www.zsbystrocice.cz\/index.php?rest_route=%2Fwp%2Fv2%2Fcomments&post=11745"}],"version-history":[{"count":1,"href":"https:\/\/www.zsbystrocice.cz\/index.php?rest_route=\/wp\/v2\/posts\/11745\/revisions"}],"predecessor-version":[{"id":11746,"href":"https:\/\/www.zsbystrocice.cz\/index.php?rest_route=\/wp\/v2\/posts\/11745\/revisions\/11746"}],"wp:attachment":[{"href":"https:\/\/www.zsbystrocice.cz\/index.php?rest_route=%2Fwp%2Fv2%2Fmedia&parent=11745"}],"wp:term":[{"taxonomy":"category","embeddable":true,"href":"https:\/\/www.zsbystrocice.cz\/index.php?rest_route=%2Fwp%2Fv2%2Fcategories&post=11745"},{"taxonomy":"post_tag","embeddable":true,"href":"https:\/\/www.zsbystrocice.cz\/index.php?rest_route=%2Fwp%2Fv2%2Ftags&post=11745"}],"curies":[{"name":"wp","href":"https:\/\/api.w.org\/{rel}","templated":true}]}}