{"id":11712,"date":"2021-12-04T23:11:34","date_gmt":"2021-12-04T22:11:34","guid":{"rendered":"http:\/\/www.zsbystrocice.cz\/?p=11712"},"modified":"2021-12-06T11:09:03","modified_gmt":"2021-12-06T10:09:03","slug":"narizeni-karanteny-v-i-tride-zs","status":"publish","type":"post","link":"https:\/\/www.zsbystrocice.cz\/?p=11712","title":{"rendered":"Na\u0159\u00edzen\u00ed karant\u00e9ny v I. t\u0159\u00edd\u011b Z\u0160"},"content":{"rendered":"<p>V\u00e1\u017een\u00ed rodi\u010de,<\/p>\n<p>v I. t\u0159\u00edd\u011b ( 1. a 2. ro\u010dn\u00edk ) byla 2. 12. 2021 p\u0159\u00edtomna osoba, kter\u00e1 byla pozitivn\u011b testovan\u00e1 na onemocn\u011bn\u00ed COVID 19. Dle na\u0159\u00edzen\u00ed KHS Olomouc v\u0161ichni \u017e\u00e1ci 1. a 2. ro\u010dn\u00edku Z\u0160 nastupuj\u00ed od pond\u011bl\u00ed 6. 12. 2021 do karant\u00e9ny. Osoby, kter\u00e9 COVID prod\u011blaly ( jsou v ochrann\u00e9 lh\u016ft\u011b ), do karant\u00e9ny nenastupuj\u00ed.<\/p>\n<p>Ohledn\u011b PCR testu V\u00e1s kontaktuje Krajsk\u00e1 hygienick\u00e1 stanice.<\/p>\n<p>Na PCR test budete pozv\u00e1ni 5. &#8211; 7. den\u00a0 od kontaktu s pozitivn\u00ed osobou (tj. \u00fater\u00fd 7. 12. &#8211; \u010dtvrtek 9. 12.). V p\u0159\u00edpad\u011b negativn\u00edho v\u00fdsledku d\u00edt\u011bti kon\u010d\u00ed karant\u00e9na nejd\u0159\u00edve po 7 dnech ode dne zah\u00e1jen\u00ed karant\u00e9ny ( tj. \u010dtvrtek 9. 12. 2021 ).<\/p>\n<p>Informace k distan\u010dn\u00ed v\u00fduce V\u00e1m budou zasl\u00e1ny t\u0159\u00eddn\u00ed u\u010ditelkou.<\/p>\n<p>Pokud budete pot\u0159ebovat vystavit potvrzen\u00ed o uzav\u0159en\u00ed t\u0159\u00eddy (\u017d\u00e1dost o o\u0161et\u0159ovn\u00e9 p\u0159i p\u00e9\u010di o d\u00edt\u011b z d\u016fvodu uzav\u0159en\u00ed t\u0159\u00eddy), kontaktujte m\u011b emailem (zs.bystrocice@seznam.cz) nebo telefonicky.<\/p>\n<p>D\u011bkujeme V\u00e1m za spolupr\u00e1ci.<\/p>\n<p>S pozdravem<\/p>\n<p>Mgr. Hana Zajacov\u00e1, \u0159editelka \u0161koly<\/p>\n<p>&nbsp;<\/p>\n<p>&nbsp;<\/p>\n<p>&nbsp;<\/p>\n","protected":false},"excerpt":{"rendered":"<p>V\u00e1\u017een\u00ed rodi\u010de, v I. t\u0159\u00edd\u011b ( 1. a 2. ro\u010dn\u00edk ) byla 2. 12. 2021 p\u0159\u00edtomna osoba, kter\u00e1 byla pozitivn\u011b testovan\u00e1 na onemocn\u011bn\u00ed COVID 19. Dle na\u0159\u00edzen\u00ed KHS Olomouc v\u0161ichni \u017e\u00e1ci 1. a 2. ro\u010dn\u00edku Z\u0160 nastupuj\u00ed od pond\u011bl\u00ed 6. 12. 2021 do karant\u00e9ny. Osoby, kter\u00e9 COVID prod\u011blaly ( jsou [&hellip;]<\/p>\n","protected":false},"author":2,"featured_media":0,"comment_status":"closed","ping_status":"open","sticky":false,"template":"","format":"standard","meta":{"ngg_post_thumbnail":0},"categories":[3,4],"tags":[],"_links":{"self":[{"href":"https:\/\/www.zsbystrocice.cz\/index.php?rest_route=\/wp\/v2\/posts\/11712"}],"collection":[{"href":"https:\/\/www.zsbystrocice.cz\/index.php?rest_route=\/wp\/v2\/posts"}],"about":[{"href":"https:\/\/www.zsbystrocice.cz\/index.php?rest_route=\/wp\/v2\/types\/post"}],"author":[{"embeddable":true,"href":"https:\/\/www.zsbystrocice.cz\/index.php?rest_route=\/wp\/v2\/users\/2"}],"replies":[{"embeddable":true,"href":"https:\/\/www.zsbystrocice.cz\/index.php?rest_route=%2Fwp%2Fv2%2Fcomments&post=11712"}],"version-history":[{"count":7,"href":"https:\/\/www.zsbystrocice.cz\/index.php?rest_route=\/wp\/v2\/posts\/11712\/revisions"}],"predecessor-version":[{"id":11726,"href":"https:\/\/www.zsbystrocice.cz\/index.php?rest_route=\/wp\/v2\/posts\/11712\/revisions\/11726"}],"wp:attachment":[{"href":"https:\/\/www.zsbystrocice.cz\/index.php?rest_route=%2Fwp%2Fv2%2Fmedia&parent=11712"}],"wp:term":[{"taxonomy":"category","embeddable":true,"href":"https:\/\/www.zsbystrocice.cz\/index.php?rest_route=%2Fwp%2Fv2%2Fcategories&post=11712"},{"taxonomy":"post_tag","embeddable":true,"href":"https:\/\/www.zsbystrocice.cz\/index.php?rest_route=%2Fwp%2Fv2%2Ftags&post=11712"}],"curies":[{"name":"wp","href":"https:\/\/api.w.org\/{rel}","templated":true}]}}