{"id":11266,"date":"2021-05-17T10:51:12","date_gmt":"2021-05-17T09:51:12","guid":{"rendered":"http:\/\/www.zsbystrocice.cz\/?p=11266"},"modified":"2021-05-17T10:51:12","modified_gmt":"2021-05-17T09:51:12","slug":"preruseni-provozu-ms-bystrocice-o-prazdninach","status":"publish","type":"post","link":"https:\/\/www.zsbystrocice.cz\/?p=11266","title":{"rendered":"P\u0159eru\u0161en\u00ed provozu M\u0160 Bystro\u010dice o pr\u00e1zdnin\u00e1ch"},"content":{"rendered":"<p>V souladu s \u00a7 3 odst. 2 vyhl\u00e1\u0161ky \u010d. 14\/2005 Sb., o p\u0159ed\u0161koln\u00edm vzd\u011bl\u00e1v\u00e1n\u00ed v platn\u00e9m zn\u011bn\u00ed bude v obdob\u00ed od 7. \u010dervence 2021 do 31. srpna 2021 p\u0159eru\u0161en provoz mate\u0159sk\u00e9 \u0161koly z d\u016fvodu stavebn\u00edch prac\u00ed v budov\u011b \u0161koly.<\/p>\n<p>Ve dnech 1. 7. a 2. 7. 2021 bude pro d\u011bti M\u0160 zaji\u0161t\u011bno vzd\u011bl\u00e1v\u00e1n\u00ed od 8:00 do 12:00 hod. Bli\u017e\u0161\u00ed informace k v\u00fd\u0161e uveden\u00fdm dn\u016fm V\u00e1m budou sd\u011bleny b\u011bhem m\u011bs\u00edce kv\u011btna.<\/p>\n<p>D\u011bkujeme za pochopen\u00ed.<\/p>\n","protected":false},"excerpt":{"rendered":"<p>V souladu s \u00a7 3 odst. 2 vyhl\u00e1\u0161ky \u010d. 14\/2005 Sb., o p\u0159ed\u0161koln\u00edm vzd\u011bl\u00e1v\u00e1n\u00ed v platn\u00e9m zn\u011bn\u00ed bude v obdob\u00ed od 7. \u010dervence 2021 do 31. srpna 2021 p\u0159eru\u0161en provoz mate\u0159sk\u00e9 \u0161koly z d\u016fvodu stavebn\u00edch prac\u00ed v budov\u011b \u0161koly. Ve dnech 1. 7. a 2. 7. 2021 bude pro d\u011bti [&hellip;]<\/p>\n","protected":false},"author":2,"featured_media":0,"comment_status":"closed","ping_status":"open","sticky":false,"template":"","format":"standard","meta":{"ngg_post_thumbnail":0},"categories":[3,5],"tags":[],"_links":{"self":[{"href":"https:\/\/www.zsbystrocice.cz\/index.php?rest_route=\/wp\/v2\/posts\/11266"}],"collection":[{"href":"https:\/\/www.zsbystrocice.cz\/index.php?rest_route=\/wp\/v2\/posts"}],"about":[{"href":"https:\/\/www.zsbystrocice.cz\/index.php?rest_route=\/wp\/v2\/types\/post"}],"author":[{"embeddable":true,"href":"https:\/\/www.zsbystrocice.cz\/index.php?rest_route=\/wp\/v2\/users\/2"}],"replies":[{"embeddable":true,"href":"https:\/\/www.zsbystrocice.cz\/index.php?rest_route=%2Fwp%2Fv2%2Fcomments&post=11266"}],"version-history":[{"count":1,"href":"https:\/\/www.zsbystrocice.cz\/index.php?rest_route=\/wp\/v2\/posts\/11266\/revisions"}],"predecessor-version":[{"id":11267,"href":"https:\/\/www.zsbystrocice.cz\/index.php?rest_route=\/wp\/v2\/posts\/11266\/revisions\/11267"}],"wp:attachment":[{"href":"https:\/\/www.zsbystrocice.cz\/index.php?rest_route=%2Fwp%2Fv2%2Fmedia&parent=11266"}],"wp:term":[{"taxonomy":"category","embeddable":true,"href":"https:\/\/www.zsbystrocice.cz\/index.php?rest_route=%2Fwp%2Fv2%2Fcategories&post=11266"},{"taxonomy":"post_tag","embeddable":true,"href":"https:\/\/www.zsbystrocice.cz\/index.php?rest_route=%2Fwp%2Fv2%2Ftags&post=11266"}],"curies":[{"name":"wp","href":"https:\/\/api.w.org\/{rel}","templated":true}]}}