{"id":11022,"date":"2021-03-31T06:38:21","date_gmt":"2021-03-31T05:38:21","guid":{"rendered":"http:\/\/www.zsbystrocice.cz\/?p=11022"},"modified":"2021-03-31T06:38:26","modified_gmt":"2021-03-31T05:38:26","slug":"velikonocni-prazdniny-a-distancni-vyuka","status":"publish","type":"post","link":"https:\/\/www.zsbystrocice.cz\/?p=11022","title":{"rendered":"Velikono\u010dn\u00ed pr\u00e1zdniny a distan\u010dn\u00ed v\u00fduka"},"content":{"rendered":"<p><b>Velikono\u010dn\u00ed pr\u00e1zdniny<\/b>\u00a0p\u0159ipadnou\u00a0<b>na \u010dtvrtek 1.\u00a0dubna, p\u00e1tek 2.<\/b><strong>\u00a0dubna<\/strong><b>\u00a02021 a pond\u011bl\u00ed 5. dubna 2021 jsou tzv. ostatn\u00ed sv\u00e1tky podle z\u00e1kona \u010d. 245\/2000 Sb., o st\u00e1tn\u00edch sv\u00e1tc\u00edch, o ostatn\u00edch sv\u00e1tc\u00edch, o v\u00fdznamn\u00fdch dnech a o dnech pracovn\u00edho klidu.\u00a0<\/b><\/p>\n<p><strong>Z v\u00fd\u0161e uveden\u00e9ho d\u016fvodu nebude od \u010dtvrtka 1. 4. 2021 do pond\u011bl\u00ed 5. 4. 2021 prob\u00edhat distan\u010dn\u00ed v\u00fduka. Distan\u010dn\u00ed v\u00fduka znovu za\u010dne v \u00fater\u00fd 6. dubna 2021.<\/strong><\/p>\n<p><strong>V\u0161em p\u0159ejeme p\u0159\u00edjemn\u00e9 pro\u017eit\u00ed Velikonoc.\u00a0<\/strong><\/p>\n<p><strong>\u00a0<\/strong><\/p>\n","protected":false},"excerpt":{"rendered":"<p>Velikono\u010dn\u00ed pr\u00e1zdniny\u00a0p\u0159ipadnou\u00a0na \u010dtvrtek 1.\u00a0dubna, p\u00e1tek 2.\u00a0dubna\u00a02021 a pond\u011bl\u00ed 5. dubna 2021 jsou tzv. ostatn\u00ed sv\u00e1tky podle z\u00e1kona \u010d. 245\/2000 Sb., o st\u00e1tn\u00edch sv\u00e1tc\u00edch, o ostatn\u00edch sv\u00e1tc\u00edch, o v\u00fdznamn\u00fdch dnech a o dnech pracovn\u00edho klidu.\u00a0 Z v\u00fd\u0161e uveden\u00e9ho d\u016fvodu nebude od \u010dtvrtka 1. 4. 2021 do pond\u011bl\u00ed 5. 4. 2021 prob\u00edhat [&hellip;]<\/p>\n","protected":false},"author":2,"featured_media":0,"comment_status":"closed","ping_status":"open","sticky":false,"template":"","format":"standard","meta":{"ngg_post_thumbnail":0},"categories":[3,5,6,4],"tags":[],"_links":{"self":[{"href":"https:\/\/www.zsbystrocice.cz\/index.php?rest_route=\/wp\/v2\/posts\/11022"}],"collection":[{"href":"https:\/\/www.zsbystrocice.cz\/index.php?rest_route=\/wp\/v2\/posts"}],"about":[{"href":"https:\/\/www.zsbystrocice.cz\/index.php?rest_route=\/wp\/v2\/types\/post"}],"author":[{"embeddable":true,"href":"https:\/\/www.zsbystrocice.cz\/index.php?rest_route=\/wp\/v2\/users\/2"}],"replies":[{"embeddable":true,"href":"https:\/\/www.zsbystrocice.cz\/index.php?rest_route=%2Fwp%2Fv2%2Fcomments&post=11022"}],"version-history":[{"count":1,"href":"https:\/\/www.zsbystrocice.cz\/index.php?rest_route=\/wp\/v2\/posts\/11022\/revisions"}],"predecessor-version":[{"id":11023,"href":"https:\/\/www.zsbystrocice.cz\/index.php?rest_route=\/wp\/v2\/posts\/11022\/revisions\/11023"}],"wp:attachment":[{"href":"https:\/\/www.zsbystrocice.cz\/index.php?rest_route=%2Fwp%2Fv2%2Fmedia&parent=11022"}],"wp:term":[{"taxonomy":"category","embeddable":true,"href":"https:\/\/www.zsbystrocice.cz\/index.php?rest_route=%2Fwp%2Fv2%2Fcategories&post=11022"},{"taxonomy":"post_tag","embeddable":true,"href":"https:\/\/www.zsbystrocice.cz\/index.php?rest_route=%2Fwp%2Fv2%2Ftags&post=11022"}],"curies":[{"name":"wp","href":"https:\/\/api.w.org\/{rel}","templated":true}]}}