{"id":10865,"date":"2021-02-27T20:21:50","date_gmt":"2021-02-27T19:21:50","guid":{"rendered":"http:\/\/www.zsbystrocice.cz\/?p=10865"},"modified":"2021-03-01T14:45:55","modified_gmt":"2021-03-01T13:45:55","slug":"distancni-vzdelavani-predskolaku","status":"publish","type":"post","link":"https:\/\/www.zsbystrocice.cz\/?p=10865","title":{"rendered":"Distan\u010dn\u00ed vzd\u011bl\u00e1v\u00e1n\u00ed p\u0159ed\u0161kol\u00e1k\u016f"},"content":{"rendered":"<div data-message-id=\"182764\">\n<div lang=\"cs\">\n<blockquote data-email=\"zn.b@seznam.cz\" data-color=\"1\">\n<div>\n<div dir=\"auto\">V\u00e1\u017een\u00ed rodi\u010de,<\/div>\n<div dir=\"auto\">na z\u00e1klad\u011b rozhodnut\u00ed vl\u00e1dy bude od 1.3. 2021 M\u0160 zcela uzav\u0159ena.<\/div>\n<\/div>\n<div>\n<div dir=\"auto\">P\u0159ed\u0161kol\u00e1ci v M\u0160 p\u0159ech\u00e1zej\u00ed na distan\u010dn\u00ed v\u00fduku.\u00a0<!--more--><\/div>\n<\/div>\n<div><\/div>\n<div>\n<div dir=\"auto\">Distan\u010dn\u00ed v\u00fduka pro d\u011bti s povinn\u00fdm p\u0159ed\u0161koln\u00edm vzd\u011bl\u00e1v\u00e1n\u00edm (od 5 let v\u011bku) bude zaji\u0161\u0165ov\u00e1na nab\u00eddkou vzd\u011bl\u00e1vac\u00edch \u010dinnost\u00ed dle \u0160koln\u00edho a t\u0159\u00eddn\u00edho vzd\u011bl\u00e1vac\u00edho programu a to formou \u00fakol\u016f na pracovn\u00edch listech, na kter\u00e9 budete p\u0159edem upozorn\u011bni emailem a kter\u00e9 V\u00e1m budou doru\u010deny do po\u0161tovn\u00edch schr\u00e1nek ka\u017ed\u00fd t\u00fdden ve st\u0159edu.<\/div>\n<div dir=\"auto\">Materi\u00e1ly pro tento t\u00fdden najdete ve sv\u00fdch schr\u00e1nk\u00e1ch ve st\u0159edu 3.3. 2021.<\/div>\n<div dir=\"auto\"><\/div>\n<div dir=\"auto\">D\u011bkuji za spolupr\u00e1ci<\/div>\n<div dir=\"auto\">\n<p>Z. Novotn\u00e1<\/p>\n<div><\/div>\n<\/div>\n<\/div>\n<div>\n<div dir=\"auto\">\n<div><strong>Zaj\u00edmav\u00e9 odkazy, tipy na tvo\u0159en\u00ed, pracovn\u00ed\u00a0listy, informace o p\u0159ed\u0161koln\u00ed\u00a0p\u0159\u00edprav\u011b:<\/strong><\/div>\n<div><strong>\u00a0<\/strong><\/div>\n<div>\n<p>1. Grafomotorick\u00e1 cvi\u010den\u00ed:<br \/>\n<a href=\"https:\/\/www.babyonline.cz\/akcni-svet-deti\/vzdelani\/rok-predskolaka\/grafomotorika\" target=\"_blank\" rel=\"noopener\">https:\/\/www.babyonline.cz\/akcni-svet-deti\/vzdelani\/rok-predskolaka\/grafomotorika<\/a><\/p>\n<p>2. D\u011btsk\u00e9 str\u00e1nky:<br \/>\n<a href=\"https:\/\/www.detskestranky.cz\/\" target=\"_blank\" rel=\"noopener\">https:\/\/www.detskestranky.cz\/<\/a><\/p>\n<p>3. P\u0159ed\u0161kol\u00e1ci:<br \/>\n<a href=\"http:\/\/www.predskolaci.cz\/\" target=\"_blank\" rel=\"noopener\">http:\/\/www.predskolaci.cz\/<\/a><\/p>\n<div>\n<p>M\u0160 doporu\u010duje rodi\u010d\u016fm k \u010detb\u011b:<strong>\u00a0<\/strong>D\u00cdT\u011a, KTER\u00c9 SE V \u017dIVOT\u011a NEZTRAT\u00cd- Anita Michajlukov\u00e1.<\/p>\n<p>Kn\u00ed\u017eka nasti\u0148uje, jak d\u00edt\u011b vychovat, jak jej podpo\u0159it na vlastn\u00ed cest\u011b, co m\u016f\u017eeme d\u011blat, abychom m\u011bli spokojen\u00e9 vztahy se sv\u00fdmi d\u011btmi\u2026.kniha pln\u00e1 post\u0159eh\u016f, doporu\u010den\u00ed a odpov\u011bd\u00ed na ot\u00e1zky, kter\u00e9 si n\u011bkdy rodi\u010de pokl\u00e1daj\u00ed.<\/p>\n<p>&nbsp;<\/p>\n<\/div>\n<\/div>\n<\/div>\n<\/div>\n<\/blockquote>\n<\/div>\n<\/div>\n<div><\/div>\n","protected":false},"excerpt":{"rendered":"<p>V\u00e1\u017een\u00ed rodi\u010de, na z\u00e1klad\u011b rozhodnut\u00ed vl\u00e1dy bude od 1.3. 2021 M\u0160 zcela uzav\u0159ena. P\u0159ed\u0161kol\u00e1ci v M\u0160 p\u0159ech\u00e1zej\u00ed na distan\u010dn\u00ed v\u00fduku.\u00a0<\/p>\n","protected":false},"author":2,"featured_media":0,"comment_status":"closed","ping_status":"open","sticky":false,"template":"","format":"standard","meta":{"ngg_post_thumbnail":0},"categories":[3,5],"tags":[],"_links":{"self":[{"href":"https:\/\/www.zsbystrocice.cz\/index.php?rest_route=\/wp\/v2\/posts\/10865"}],"collection":[{"href":"https:\/\/www.zsbystrocice.cz\/index.php?rest_route=\/wp\/v2\/posts"}],"about":[{"href":"https:\/\/www.zsbystrocice.cz\/index.php?rest_route=\/wp\/v2\/types\/post"}],"author":[{"embeddable":true,"href":"https:\/\/www.zsbystrocice.cz\/index.php?rest_route=\/wp\/v2\/users\/2"}],"replies":[{"embeddable":true,"href":"https:\/\/www.zsbystrocice.cz\/index.php?rest_route=%2Fwp%2Fv2%2Fcomments&post=10865"}],"version-history":[{"count":3,"href":"https:\/\/www.zsbystrocice.cz\/index.php?rest_route=\/wp\/v2\/posts\/10865\/revisions"}],"predecessor-version":[{"id":10878,"href":"https:\/\/www.zsbystrocice.cz\/index.php?rest_route=\/wp\/v2\/posts\/10865\/revisions\/10878"}],"wp:attachment":[{"href":"https:\/\/www.zsbystrocice.cz\/index.php?rest_route=%2Fwp%2Fv2%2Fmedia&parent=10865"}],"wp:term":[{"taxonomy":"category","embeddable":true,"href":"https:\/\/www.zsbystrocice.cz\/index.php?rest_route=%2Fwp%2Fv2%2Fcategories&post=10865"},{"taxonomy":"post_tag","embeddable":true,"href":"https:\/\/www.zsbystrocice.cz\/index.php?rest_route=%2Fwp%2Fv2%2Ftags&post=10865"}],"curies":[{"name":"wp","href":"https:\/\/api.w.org\/{rel}","templated":true}]}}