{"id":10415,"date":"2020-06-22T08:30:35","date_gmt":"2020-06-22T07:30:35","guid":{"rendered":"http:\/\/www.zsbystrocice.cz\/?p=10415"},"modified":"2020-06-22T08:30:39","modified_gmt":"2020-06-22T07:30:39","slug":"rozlouceni-s-predskolaky-a-foceni-deti-v-ms","status":"publish","type":"post","link":"https:\/\/www.zsbystrocice.cz\/?p=10415","title":{"rendered":"Rozlou\u010den\u00ed s p\u0159ed\u0161kol\u00e1ky a focen\u00ed d\u011bt\u00ed v M\u0160"},"content":{"rendered":"<p>V\u00e1\u017een\u00ed rodi\u010de,<\/p>\n<p>v\u00a0pond\u011bl\u00ed 29. 6. 2020 v\u00a09:00 prob\u011bhne v\u00a0M\u0160 Bystro\u010dice rozlou\u010den\u00ed s\u00a0p\u0159ed\u0161kol\u00e1ky ze t\u0159\u00eddy Ko\u0165\u00e1tek. S\u00a0ohledem na mimo\u0159\u00e1dn\u00e1 opat\u0159en\u00ed prob\u011bhne rozlou\u010den\u00ed v\u00a0prostor\u00e1ch M\u0160 a pouze pro d\u011bti.<\/p>\n<p>Vzhledem k\u00a0situaci jsme se rozhodli na konec leto\u0161n\u00edho \u0161koln\u00edho roku neza\u0159izovat extern\u00edho fotografa, za \u00fa\u010delem focen\u00ed d\u011bt\u00ed v\u00a0M\u0160. D\u011bti budou letos fotit u\u010ditelky M\u0160 a fotografie v\u00e1m n\u00e1sledn\u011b za\u0161leme na email. O profesion\u00e1ln\u00edm focen\u00ed uva\u017eujeme na za\u010d\u00e1tku p\u0159\u00ed\u0161t\u00edho \u0161koln\u00edho roku. O jeho kon\u00e1n\u00ed budete informov\u00e1ni.<\/p>\n","protected":false},"excerpt":{"rendered":"<p>V\u00e1\u017een\u00ed rodi\u010de, v\u00a0pond\u011bl\u00ed 29. 6. 2020 v\u00a09:00 prob\u011bhne v\u00a0M\u0160 Bystro\u010dice rozlou\u010den\u00ed s\u00a0p\u0159ed\u0161kol\u00e1ky ze t\u0159\u00eddy Ko\u0165\u00e1tek. S\u00a0ohledem na mimo\u0159\u00e1dn\u00e1 opat\u0159en\u00ed prob\u011bhne rozlou\u010den\u00ed v\u00a0prostor\u00e1ch M\u0160 a pouze pro d\u011bti. Vzhledem k\u00a0situaci jsme se rozhodli na konec leto\u0161n\u00edho \u0161koln\u00edho roku neza\u0159izovat extern\u00edho fotografa, za \u00fa\u010delem focen\u00ed d\u011bt\u00ed v\u00a0M\u0160. D\u011bti budou letos fotit u\u010ditelky [&hellip;]<\/p>\n","protected":false},"author":2,"featured_media":0,"comment_status":"closed","ping_status":"open","sticky":false,"template":"","format":"standard","meta":{"ngg_post_thumbnail":0},"categories":[3,5],"tags":[],"_links":{"self":[{"href":"https:\/\/www.zsbystrocice.cz\/index.php?rest_route=\/wp\/v2\/posts\/10415"}],"collection":[{"href":"https:\/\/www.zsbystrocice.cz\/index.php?rest_route=\/wp\/v2\/posts"}],"about":[{"href":"https:\/\/www.zsbystrocice.cz\/index.php?rest_route=\/wp\/v2\/types\/post"}],"author":[{"embeddable":true,"href":"https:\/\/www.zsbystrocice.cz\/index.php?rest_route=\/wp\/v2\/users\/2"}],"replies":[{"embeddable":true,"href":"https:\/\/www.zsbystrocice.cz\/index.php?rest_route=%2Fwp%2Fv2%2Fcomments&post=10415"}],"version-history":[{"count":1,"href":"https:\/\/www.zsbystrocice.cz\/index.php?rest_route=\/wp\/v2\/posts\/10415\/revisions"}],"predecessor-version":[{"id":10416,"href":"https:\/\/www.zsbystrocice.cz\/index.php?rest_route=\/wp\/v2\/posts\/10415\/revisions\/10416"}],"wp:attachment":[{"href":"https:\/\/www.zsbystrocice.cz\/index.php?rest_route=%2Fwp%2Fv2%2Fmedia&parent=10415"}],"wp:term":[{"taxonomy":"category","embeddable":true,"href":"https:\/\/www.zsbystrocice.cz\/index.php?rest_route=%2Fwp%2Fv2%2Fcategories&post=10415"},{"taxonomy":"post_tag","embeddable":true,"href":"https:\/\/www.zsbystrocice.cz\/index.php?rest_route=%2Fwp%2Fv2%2Ftags&post=10415"}],"curies":[{"name":"wp","href":"https:\/\/api.w.org\/{rel}","templated":true}]}}