{"id":10174,"date":"2020-03-16T10:47:54","date_gmt":"2020-03-16T09:47:54","guid":{"rendered":"http:\/\/www.zsbystrocice.cz\/?p=10174"},"modified":"2020-03-16T10:48:00","modified_gmt":"2020-03-16T09:48:00","slug":"uzavreni-ms-bystrocice-od-utery-17-3-2020","status":"publish","type":"post","link":"https:\/\/www.zsbystrocice.cz\/?p=10174","title":{"rendered":"Uzav\u0159en\u00ed M\u0160 Bystro\u010dice od \u00fater\u00fd 17. 3. 2020"},"content":{"rendered":"<p>V\u00e1\u017een\u00ed rodi\u010de,<\/p>\n<p>v souvislosti s nep\u0159\u00edzniv\u00fdm v\u00fdvojem epidemiologick\u00e9 situace ve v\u00fdskytu onemocn\u011bn\u00ed COVID &#8211; 19 bude po dohod\u011b se z\u0159izovatelem \u00a0<strong>od \u00fater\u00fd 17. 3. 2020 do odvol\u00e1n\u00ed uzav\u0159ena M\u0160 Bystro\u010dice.<\/strong><\/p>\n<p>V\u0161em d\u011btem je od \u00fater\u00fd 17. 3. 2020 odhl\u00e1\u0161ena strava ve \u0161koln\u00ed j\u00eddeln\u011b.<\/p>\n<p>D\u011bkujeme za pochopen\u00ed a spolupr\u00e1ci.<\/p>\n<p>Mgr. Hana Zajacov\u00e1<\/p>\n","protected":false},"excerpt":{"rendered":"<p>V\u00e1\u017een\u00ed rodi\u010de, v souvislosti s nep\u0159\u00edzniv\u00fdm v\u00fdvojem epidemiologick\u00e9 situace ve v\u00fdskytu onemocn\u011bn\u00ed COVID &#8211; 19 bude po dohod\u011b se z\u0159izovatelem \u00a0od \u00fater\u00fd 17. 3. 2020 do odvol\u00e1n\u00ed uzav\u0159ena M\u0160 Bystro\u010dice. V\u0161em d\u011btem je od \u00fater\u00fd 17. 3. 2020 odhl\u00e1\u0161ena strava ve \u0161koln\u00ed j\u00eddeln\u011b. D\u011bkujeme za pochopen\u00ed a spolupr\u00e1ci. Mgr. Hana [&hellip;]<\/p>\n","protected":false},"author":2,"featured_media":0,"comment_status":"closed","ping_status":"open","sticky":false,"template":"","format":"standard","meta":{"ngg_post_thumbnail":0},"categories":[3,5],"tags":[],"_links":{"self":[{"href":"https:\/\/www.zsbystrocice.cz\/index.php?rest_route=\/wp\/v2\/posts\/10174"}],"collection":[{"href":"https:\/\/www.zsbystrocice.cz\/index.php?rest_route=\/wp\/v2\/posts"}],"about":[{"href":"https:\/\/www.zsbystrocice.cz\/index.php?rest_route=\/wp\/v2\/types\/post"}],"author":[{"embeddable":true,"href":"https:\/\/www.zsbystrocice.cz\/index.php?rest_route=\/wp\/v2\/users\/2"}],"replies":[{"embeddable":true,"href":"https:\/\/www.zsbystrocice.cz\/index.php?rest_route=%2Fwp%2Fv2%2Fcomments&post=10174"}],"version-history":[{"count":1,"href":"https:\/\/www.zsbystrocice.cz\/index.php?rest_route=\/wp\/v2\/posts\/10174\/revisions"}],"predecessor-version":[{"id":10175,"href":"https:\/\/www.zsbystrocice.cz\/index.php?rest_route=\/wp\/v2\/posts\/10174\/revisions\/10175"}],"wp:attachment":[{"href":"https:\/\/www.zsbystrocice.cz\/index.php?rest_route=%2Fwp%2Fv2%2Fmedia&parent=10174"}],"wp:term":[{"taxonomy":"category","embeddable":true,"href":"https:\/\/www.zsbystrocice.cz\/index.php?rest_route=%2Fwp%2Fv2%2Fcategories&post=10174"},{"taxonomy":"post_tag","embeddable":true,"href":"https:\/\/www.zsbystrocice.cz\/index.php?rest_route=%2Fwp%2Fv2%2Ftags&post=10174"}],"curies":[{"name":"wp","href":"https:\/\/api.w.org\/{rel}","templated":true}]}}