{"id":10144,"date":"2020-03-10T12:04:35","date_gmt":"2020-03-10T11:04:35","guid":{"rendered":"http:\/\/www.zsbystrocice.cz\/?p=10144"},"modified":"2020-03-10T16:49:25","modified_gmt":"2020-03-10T15:49:25","slug":"mimoradne-opatreni","status":"publish","type":"post","link":"https:\/\/www.zsbystrocice.cz\/?p=10144","title":{"rendered":"Mimo\u0159\u00e1dn\u00e9 opat\u0159en\u00ed"},"content":{"rendered":"<p>\u0158editelka \u0161koly oznamuje, \u017ee z d\u016fvodu mimo\u0159\u00e1dn\u00e9ho opat\u0159en\u00ed Ministerstva zdravotnictv\u00ed \u010cR bude od st\u0159edy 11. 3. 2020\u00a0do odvol\u00e1n\u00ed\u00a0uzav\u0159ena Z\u00e1kladn\u00ed \u0161kola Bystro\u010dice pro \u017e\u00e1ky 1. &#8211; 5. ro\u010dn\u00edku. \u017d\u00e1d\u00e1me rodi\u010de o pravideln\u00e9 sledov\u00e1n\u00ed internetov\u00fdch str\u00e1nek \u0161koly, kde budou informov\u00e1ni o dal\u0161\u00edm postupu.<\/p>\n<p>V\u0161em \u017e\u00e1k\u016fm Z\u0160 budou od st\u0159edy 11. 3. 2020 odhl\u00e1\u0161eny ob\u011bdy.<\/p>\n<p>Od st\u0159edy 11. 3. 2020 do odvol\u00e1n\u00ed jsou zru\u0161eny \u0161koln\u00ed akce\u00a0 a z\u00e1jmov\u00e9 krou\u017eky Z\u0160. Uzav\u0159ena je i \u0161koln\u00ed dru\u017eina.<\/p>\n<p>Mate\u0159sk\u00e1 \u0161kola Bystro\u010dice zat\u00edm z\u016fst\u00e1v\u00e1 v provozu.<\/p>\n<p><a href=\"https:\/\/www.zsbystrocice.cz\/wp-content\/uploads\/2020\/03\/Mimo\u0159\u00e1dn\u00e9_opat\u0159en\u00ed_-_uzav\u0159en\u00ed_z\u00e1kladn\u00edch_st\u0159edn\u00edch_a_vysok\u00fdch_\u0161kol_od_11._3._2020.pdf\">Mimo\u0159\u00e1dn\u00e9_opat\u0159en\u00ed_-_uzav\u0159en\u00ed_z\u00e1kladn\u00edch,_st\u0159edn\u00edch_a_vysok\u00fdch_\u0161kol_od_11._3._2020<\/a><\/p>\n<p><a href=\"https:\/\/www.zsbystrocice.cz\/wp-content\/uploads\/2020\/03\/Mimo\u0159\u00e1dn\u00e9_opat\u0159en\u00ed_-_z\u00e1kaz_kon\u00e1n\u00ed_akc\u00ed_nad_100_osob_od_18_hodin_dne_10._3._2020_-.pdf\">Mimo\u0159\u00e1dn\u00e9_opat\u0159en\u00ed_-_z\u00e1kaz_kon\u00e1n\u00ed_akc\u00ed_nad_100_osob_od_18_hodin_dne_10._3._2020_-<\/a><\/p>\n","protected":false},"excerpt":{"rendered":"<p>\u0158editelka \u0161koly oznamuje, \u017ee z d\u016fvodu mimo\u0159\u00e1dn\u00e9ho opat\u0159en\u00ed Ministerstva zdravotnictv\u00ed \u010cR bude od st\u0159edy 11. 3. 2020\u00a0do odvol\u00e1n\u00ed\u00a0uzav\u0159ena Z\u00e1kladn\u00ed \u0161kola Bystro\u010dice pro \u017e\u00e1ky 1. &#8211; 5. ro\u010dn\u00edku. \u017d\u00e1d\u00e1me rodi\u010de o pravideln\u00e9 sledov\u00e1n\u00ed internetov\u00fdch str\u00e1nek \u0161koly, kde budou informov\u00e1ni o dal\u0161\u00edm postupu. V\u0161em \u017e\u00e1k\u016fm Z\u0160 budou od st\u0159edy 11. 3. 2020 [&hellip;]<\/p>\n","protected":false},"author":2,"featured_media":0,"comment_status":"closed","ping_status":"open","sticky":false,"template":"","format":"standard","meta":{"ngg_post_thumbnail":0},"categories":[3,5,6,4],"tags":[],"_links":{"self":[{"href":"https:\/\/www.zsbystrocice.cz\/index.php?rest_route=\/wp\/v2\/posts\/10144"}],"collection":[{"href":"https:\/\/www.zsbystrocice.cz\/index.php?rest_route=\/wp\/v2\/posts"}],"about":[{"href":"https:\/\/www.zsbystrocice.cz\/index.php?rest_route=\/wp\/v2\/types\/post"}],"author":[{"embeddable":true,"href":"https:\/\/www.zsbystrocice.cz\/index.php?rest_route=\/wp\/v2\/users\/2"}],"replies":[{"embeddable":true,"href":"https:\/\/www.zsbystrocice.cz\/index.php?rest_route=%2Fwp%2Fv2%2Fcomments&post=10144"}],"version-history":[{"count":8,"href":"https:\/\/www.zsbystrocice.cz\/index.php?rest_route=\/wp\/v2\/posts\/10144\/revisions"}],"predecessor-version":[{"id":10158,"href":"https:\/\/www.zsbystrocice.cz\/index.php?rest_route=\/wp\/v2\/posts\/10144\/revisions\/10158"}],"wp:attachment":[{"href":"https:\/\/www.zsbystrocice.cz\/index.php?rest_route=%2Fwp%2Fv2%2Fmedia&parent=10144"}],"wp:term":[{"taxonomy":"category","embeddable":true,"href":"https:\/\/www.zsbystrocice.cz\/index.php?rest_route=%2Fwp%2Fv2%2Fcategories&post=10144"},{"taxonomy":"post_tag","embeddable":true,"href":"https:\/\/www.zsbystrocice.cz\/index.php?rest_route=%2Fwp%2Fv2%2Ftags&post=10144"}],"curies":[{"name":"wp","href":"https:\/\/api.w.org\/{rel}","templated":true}]}}