{"id":10106,"date":"2020-01-31T08:37:47","date_gmt":"2020-01-31T07:37:47","guid":{"rendered":"http:\/\/www.zsbystrocice.cz\/?p=10106"},"modified":"2020-01-31T08:43:40","modified_gmt":"2020-01-31T07:43:40","slug":"plavecky-vycvik-2","status":"publish","type":"post","link":"https:\/\/www.zsbystrocice.cz\/?p=10106","title":{"rendered":"Plaveck\u00fd v\u00fdcvik"},"content":{"rendered":"<p>Od st\u0159edy 12. 2. 2020 mohou jezdit \u017e\u00e1ci Z\u0160\u00a0\u00a0a d\u011bti\u00a0 M\u0160 na plaveck\u00fd v\u00fdcvik, kter\u00fd bude prob\u00edhat od 11:15 do 12:00 hod na plaveck\u00e9m baz\u00e9n\u011b v\u00a0Olomouci. <!--more-->\u017d\u00e1ci 1. ro\u010dn\u00edku Z\u0160 maj\u00ed plaveck\u00fd v\u00fdcvik zdarma. Cena plaveck\u00e9ho v\u00fdcviku pro \u017e\u00e1ky 2. \u2013 5. ro\u010dn\u00edku je 500,-K\u010d na 2. pololet\u00ed.\u00a0\u0160kola po\u017e\u00e1dala o dotaci na dopravu na plav\u00e1n\u00ed. Pokud bude \u017e\u00e1dosti vyhov\u011bno, nem\u011bli by \u017e\u00e1ci za dopravu platit, bude hrazena z\u00a0dotace. V\u00a0p\u0159\u00edpad\u011b nevyhov\u011bn\u00ed \u017e\u00e1dosti dopravu uhrad\u00ed \u017e\u00e1ci ( asi 120,-K\u010d\/ m\u011bs\u00edc ) . Budeme V\u00e1s informovat hned po obdr\u017een\u00ed zpr\u00e1vy o v\u00fdsledc\u00edch dota\u010dn\u00edho \u0159\u00edzen\u00ed.<\/p>\n<p>Pokud se d\u00edt\u011b nebude \u00fa\u010dastnit plaveck\u00e9ho v\u00fdcviku, bude m\u00edt ve st\u0159edu po odjezdu d\u011bt\u00ed na plav\u00e1n\u00ed 2 hodiny TV. T\u011blesn\u00e1 v\u00fdchova bude od 10:30 do 12:10 hod. s\u00a0desetiminutovou p\u0159est\u00e1vkou. Ve 12:10h. p\u016fjdou \u017e\u00e1ci na ob\u011bd a potom mohou odch\u00e1zet dom\u016f nebo z\u016fstat ve \u0161koln\u00ed dru\u017ein\u011b ( dle z\u00e1pisov\u00fdch l\u00edstk\u016f do \u0160D ).<\/p>\n<p>Od pond\u011bl\u00ed 10. 2. 2020 bude prob\u00edhat v\u00fduka podle nov\u00e9ho rozvrhu, kte\u0159\u00ed \u017e\u00e1ci dostali od sv\u00fdch t\u0159\u00eddn\u00edch u\u010ditelek nebo ho naleznete na na\u0161ich str\u00e1nk\u00e1ch v z\u00e1lo\u017ece Z\u00e1kladn\u00ed \u0161kola &#8211; Dokumenty.<\/p>\n<p>&nbsp;<\/p>\n<p>&nbsp;<\/p>\n","protected":false},"excerpt":{"rendered":"<p>Od st\u0159edy 12. 2. 2020 mohou jezdit \u017e\u00e1ci Z\u0160\u00a0\u00a0a d\u011bti\u00a0 M\u0160 na plaveck\u00fd v\u00fdcvik, kter\u00fd bude prob\u00edhat od 11:15 do 12:00 hod na plaveck\u00e9m baz\u00e9n\u011b v\u00a0Olomouci.<\/p>\n","protected":false},"author":2,"featured_media":0,"comment_status":"closed","ping_status":"open","sticky":false,"template":"","format":"standard","meta":{"ngg_post_thumbnail":0},"categories":[3,5,6,4],"tags":[],"_links":{"self":[{"href":"https:\/\/www.zsbystrocice.cz\/index.php?rest_route=\/wp\/v2\/posts\/10106"}],"collection":[{"href":"https:\/\/www.zsbystrocice.cz\/index.php?rest_route=\/wp\/v2\/posts"}],"about":[{"href":"https:\/\/www.zsbystrocice.cz\/index.php?rest_route=\/wp\/v2\/types\/post"}],"author":[{"embeddable":true,"href":"https:\/\/www.zsbystrocice.cz\/index.php?rest_route=\/wp\/v2\/users\/2"}],"replies":[{"embeddable":true,"href":"https:\/\/www.zsbystrocice.cz\/index.php?rest_route=%2Fwp%2Fv2%2Fcomments&post=10106"}],"version-history":[{"count":3,"href":"https:\/\/www.zsbystrocice.cz\/index.php?rest_route=\/wp\/v2\/posts\/10106\/revisions"}],"predecessor-version":[{"id":10111,"href":"https:\/\/www.zsbystrocice.cz\/index.php?rest_route=\/wp\/v2\/posts\/10106\/revisions\/10111"}],"wp:attachment":[{"href":"https:\/\/www.zsbystrocice.cz\/index.php?rest_route=%2Fwp%2Fv2%2Fmedia&parent=10106"}],"wp:term":[{"taxonomy":"category","embeddable":true,"href":"https:\/\/www.zsbystrocice.cz\/index.php?rest_route=%2Fwp%2Fv2%2Fcategories&post=10106"},{"taxonomy":"post_tag","embeddable":true,"href":"https:\/\/www.zsbystrocice.cz\/index.php?rest_route=%2Fwp%2Fv2%2Ftags&post=10106"}],"curies":[{"name":"wp","href":"https:\/\/api.w.org\/{rel}","templated":true}]}}